{"id":8398,"date":"2025-03-10T10:16:52","date_gmt":"2025-03-10T16:16:52","guid":{"rendered":"https:\/\/fralla.mx\/?p=8398"},"modified":"2025-03-10T10:17:38","modified_gmt":"2025-03-10T16:17:38","slug":"comunicado-no-6-marzo-2025","status":"publish","type":"post","link":"https:\/\/fralla.mx\/insights\/comunicado-no-6-marzo-2025\/","title":{"rendered":"Comunicado No 6 &#8211; Marzo 2025"},"content":{"rendered":"\t\t<div data-elementor-type=\"wp-post\" data-elementor-id=\"8398\" class=\"elementor elementor-8398\" data-elementor-post-type=\"post\">\n\t\t\t\t\t\t<section class=\"elementor-section elementor-top-section elementor-element elementor-element-28f9907a elementor-section-boxed elementor-section-height-default elementor-section-height-default\" data-id=\"28f9907a\" data-element_type=\"section\" data-e-type=\"section\">\n\t\t\t\t\t\t<div class=\"elementor-container elementor-column-gap-default\">\n\t\t\t\t\t<div class=\"elementor-column elementor-col-100 elementor-top-column elementor-element elementor-element-13b66718\" data-id=\"13b66718\" data-element_type=\"column\" data-e-type=\"column\">\n\t\t\t<div class=\"elementor-widget-wrap elementor-element-populated\">\n\t\t\t\t\t\t<div class=\"elementor-element elementor-element-34d88f45 elementor-widget elementor-widget-text-editor\" data-id=\"34d88f45\" data-element_type=\"widget\" data-e-type=\"widget\" data-widget_type=\"text-editor.default\">\n\t\t\t\t<div class=\"elementor-widget-container\">\n\t\t\t\t\t\t\t\t\t\t\t\t\t\t\t\t\t<\/div>\n\t\t\t\t<\/div>\n\t\t\t\t\t<\/div>\n\t\t<\/div>\n\t\t\t\t\t<\/div>\n\t\t<\/section>\n\t\t\t\t<section class=\"elementor-section elementor-top-section elementor-element elementor-element-25471e3b elementor-section-height-min-height elementor-section-items-top elementor-section-boxed elementor-section-height-default\" data-id=\"25471e3b\" data-element_type=\"section\" data-e-type=\"section\" data-settings=\"{&quot;background_background&quot;:&quot;gradient&quot;,&quot;shape_divider_bottom&quot;:&quot;waves&quot;}\">\n\t\t\t\t\t\t\t<div class=\"elementor-background-overlay\"><\/div>\n\t\t\t\t\t\t<div class=\"elementor-shape elementor-shape-bottom\" aria-hidden=\"true\" data-negative=\"false\">\n\t\t\t<svg xmlns=\"http:\/\/www.w3.org\/2000\/svg\" viewBox=\"0 0 1000 100\" preserveAspectRatio=\"none\">\n\t<path class=\"elementor-shape-fill\" d=\"M421.9,6.5c22.6-2.5,51.5,0.4,75.5,5.3c23.6,4.9,70.9,23.5,100.5,35.7c75.8,32.2,133.7,44.5,192.6,49.7\n\tc23.6,2.1,48.7,3.5,103.4-2.5c54.7-6,106.2-25.6,106.2-25.6V0H0v30.3c0,0,72,32.6,158.4,30.5c39.2-0.7,92.8-6.7,134-22.4\n\tc21.2-8.1,52.2-18.2,79.7-24.2C399.3,7.9,411.6,7.5,421.9,6.5z\"\/>\n<\/svg>\t\t<\/div>\n\t\t\t\t\t<div class=\"elementor-container elementor-column-gap-default\">\n\t\t\t\t\t<div class=\"elementor-column elementor-col-100 elementor-top-column elementor-element elementor-element-544e44e4\" data-id=\"544e44e4\" data-element_type=\"column\" data-e-type=\"column\">\n\t\t\t<div class=\"elementor-widget-wrap elementor-element-populated\">\n\t\t\t\t\t\t<div class=\"elementor-element elementor-element-770612c4 elementor-widget elementor-widget-theme-post-title elementor-page-title elementor-widget-heading\" data-id=\"770612c4\" data-element_type=\"widget\" data-e-type=\"widget\" data-widget_type=\"theme-post-title.default\">\n\t\t\t\t<div class=\"elementor-widget-container\">\n\t\t\t\t\t<h1 class=\"elementor-heading-title elementor-size-default\">Comunicado No 6 &#8211; Marzo 2025<\/h1>\t\t\t\t<\/div>\n\t\t\t\t<\/div>\n\t\t\t\t\t<\/div>\n\t\t<\/div>\n\t\t\t\t\t<\/div>\n\t\t<\/section>\n\t\t\t\t<section class=\"elementor-section elementor-top-section elementor-element elementor-element-610563ff elementor-section-boxed elementor-section-height-default elementor-section-height-default\" data-id=\"610563ff\" data-element_type=\"section\" data-e-type=\"section\">\n\t\t\t\t\t\t<div class=\"elementor-container elementor-column-gap-default\">\n\t\t\t\t\t<div class=\"elementor-column elementor-col-100 elementor-top-column elementor-element elementor-element-2520b24b\" data-id=\"2520b24b\" data-element_type=\"column\" data-e-type=\"column\">\n\t\t\t<div class=\"elementor-widget-wrap elementor-element-populated\">\n\t\t\t\t\t\t<div class=\"elementor-element elementor-element-458f4159 elementor-widget elementor-widget-theme-post-featured-image elementor-widget-image\" data-id=\"458f4159\" data-element_type=\"widget\" data-e-type=\"widget\" data-widget_type=\"theme-post-featured-image.default\">\n\t\t\t\t<div class=\"elementor-widget-container\">\n\t\t\t\t\t\t\t\t\t\t\t\t\t\t\t<img fetchpriority=\"high\" decoding=\"async\" width=\"448\" height=\"269\" src=\"https:\/\/fralla.mx\/insights\/wp-content\/uploads\/2025\/03\/Captura-de-pantalla-2025-03-07-175734.png\" class=\"attachment-large size-large wp-image-8393\" alt=\"\" \/>\t\t\t\t\t\t\t\t\t\t\t\t\t\t\t<\/div>\n\t\t\t\t<\/div>\n\t\t\t\t<div class=\"elementor-element elementor-element-1b396418 elementor-widget elementor-widget-spacer\" data-id=\"1b396418\" data-element_type=\"widget\" data-e-type=\"widget\" data-widget_type=\"spacer.default\">\n\t\t\t\t<div class=\"elementor-widget-container\">\n\t\t\t\t\t\t\t<div class=\"elementor-spacer\">\n\t\t\t<div class=\"elementor-spacer-inner\"><\/div>\n\t\t<\/div>\n\t\t\t\t\t\t<\/div>\n\t\t\t\t<\/div>\n\t\t\t\t<div class=\"elementor-element elementor-element-ab187e0 elementor-widget elementor-widget-theme-post-excerpt\" data-id=\"ab187e0\" data-element_type=\"widget\" data-e-type=\"widget\" data-widget_type=\"theme-post-excerpt.default\">\n\t\t\t\t<div class=\"elementor-widget-container\">\n\t\t\t\t\tSAT invita a las empresas a presentar a tiempo su Declaraci\u00f3n Anual\t\t\t\t<\/div>\n\t\t\t\t<\/div>\n\t\t\t\t<div class=\"elementor-element elementor-element-237a3737 elementor-widget elementor-widget-spacer\" data-id=\"237a3737\" data-element_type=\"widget\" data-e-type=\"widget\" data-widget_type=\"spacer.default\">\n\t\t\t\t<div class=\"elementor-widget-container\">\n\t\t\t\t\t\t\t<div class=\"elementor-spacer\">\n\t\t\t<div class=\"elementor-spacer-inner\"><\/div>\n\t\t<\/div>\n\t\t\t\t\t\t<\/div>\n\t\t\t\t<\/div>\n\t\t\t\t<div class=\"elementor-element elementor-element-688ba30e elementor-widget elementor-widget-text-editor\" data-id=\"688ba30e\" data-element_type=\"widget\" data-e-type=\"widget\" data-widget_type=\"text-editor.default\">\n\t\t\t\t<div class=\"elementor-widget-container\">\n\t\t\t\t\t\t\t\t\t<p>El 4 de marzo de 2025 el Servicio de Administraci\u00f3n Tributaria (SAT) public\u00f3 el Comunicado 010-2025, mediante el cual hace del conocimiento a los contribuyentes que ha implementado mejoras a los formularios de la Declaraci\u00f3n Anual de empresas 2024, con la finalidad de facilitar a los contribuyentes el cumplimiento de sus obligaciones fiscales.<br \/><br \/>Las principales modificaciones realizadas a los formularios son:<br \/><br \/>\u2022 En el R\u00e9gimen General, apartado \u201cGastos\u201d, se incluy\u00f3 un campo denominado \u201cDevoluciones, descuentos y bonificaciones\u201d, donde se encuentra la precarga de los Comprobantes Fiscales Digitales por Internet (CFDIs) de tipo ingresos y egresos con m\u00e9todo de pago en una sola exhibici\u00f3n (PUE) y pago en parcialidades o diferido (PPD).<\/p>\n<p><br \/>\u2022\u00a0 En la secci\u00f3n referente a la Participaci\u00f3n de los Trabajadores en las Utilidades de las empresas pagada, \u201cPTU pagada\u201d, se agreg\u00f3 el campo \u201cPTU no deducible\u201d.<br \/><br \/>\u2022\u00a0 El formato vigente conserva la funcionalidad del apartado \u201cRemanentes de las p\u00e9rdidas fiscales de ejercicios anteriores\u201d, con la que se agrega informaci\u00f3n de los ejercicios de 2014 a 2023.<br \/><br \/>\u2022\u00a0 Aquellos contribuyentes inscritos en el R\u00e9gimen Simplificado de Confianza que est\u00e9n en proceso de liquidaci\u00f3n, pueden encontrar en el formulario el campo \u201cN\u00f3mina deducible de periodos anteriores\u201d. Este campo incluye la n\u00f3mina acumulada correspondiente al periodo de liquidaci\u00f3n.<br \/><br \/>Adem\u00e1s, dentro del apartado \u201cGastos\u201d se agreg\u00f3 la secci\u00f3n \u201cDevoluciones, descuentos y bonificaciones\u201d, la cual contiene la precarga de los pagos provisionales.<br \/><br \/>Como recordatorio, del 1\u00b0 de enero de 2025 y hasta el 31 de marzo del mismo a\u00f1o, las empresas se encuentran obligadas a presentar la Declaraci\u00f3n Anual correspondiente al ejercicio fiscal de 2024. Para realizar el env\u00edo de la declaraci\u00f3n a trav\u00e9s del Portal del SAT es necesario contar con la firma electr\u00f3nica (e.firma) activa.<br \/><br \/>Ponemos a su disposici\u00f3n el v\u00ednculo donde puede ser consultado dicho comunicado:<br \/><br \/><a href=\"https:\/\/www.gob.mx\/sat\/prensa\/sat-invita-a-las-empresas-a-presentar-a-tiempo-su-declaracion-anual-010-2025\">https:\/\/www.gob.mx\/sat\/prensa\/sat-invita-a-las-empresas-a-presentar-a-tiempo-su-declaracion-anual-010-2025<\/a><br \/><br \/>\u00a0 \u00a0 \u00a0 \u00a0 \u00a0 \u00a0 \u00a0 \u00a0 \u00a0 \u00a0 \u00a0 \u00a0 \u00a0 \u00a0 \u00a0 \u00a0 \u00a0 \u00a0 \u00a0 \u00a0 \u00a0 \u00a0 \u00a0 \u00a0 \u00a0 \u00a0 \u00a0 \u00a0 \u00a0 \u00a0* \u00a0 \u00a0 \u00a0 \u00a0 \u00a0 \u00a0 \u00a0 \u00a0 \u200b\u200b* \u00a0 \u00a0 \u00a0 \u00a0 \u00a0 \u00a0 \u00a0 \u00a0 \u200b\u200b*\u200b\u200b \u00a0 \u00a0 \u00a0 \u00a0 \u00a0 \u00a0 \u00a0 \u00a0 *\u200b\u00a0 \u00a0 \u00a0 \u00a0 \u00a0 \u00a0 \u00a0 \u00a0 \u00a0 *<\/p>\t\t\t\t\t\t\t\t<\/div>\n\t\t\t\t<\/div>\n\t\t\t\t<section class=\"elementor-section elementor-inner-section elementor-element elementor-element-5b459d2e elementor-section-boxed elementor-section-height-default elementor-section-height-default\" data-id=\"5b459d2e\" data-element_type=\"section\" data-e-type=\"section\">\n\t\t\t\t\t\t<div class=\"elementor-container elementor-column-gap-default\">\n\t\t\t\t\t<div class=\"elementor-column elementor-col-50 elementor-inner-column elementor-element elementor-element-6a2de1fd\" data-id=\"6a2de1fd\" data-element_type=\"column\" data-e-type=\"column\">\n\t\t\t<div class=\"elementor-widget-wrap elementor-element-populated\">\n\t\t\t\t\t\t<div class=\"elementor-element elementor-element-2cbe5e6b elementor-widget elementor-widget-heading\" data-id=\"2cbe5e6b\" data-element_type=\"widget\" data-e-type=\"widget\" data-widget_type=\"heading.default\">\n\t\t\t\t<div class=\"elementor-widget-container\">\n\t\t\t\t\t<h5 class=\"elementor-heading-title elementor-size-default\">Comparte esta noticia<\/h5>\t\t\t\t<\/div>\n\t\t\t\t<\/div>\n\t\t\t\t\t<\/div>\n\t\t<\/div>\n\t\t\t\t<div class=\"elementor-column elementor-col-50 elementor-inner-column elementor-element elementor-element-5d703302\" data-id=\"5d703302\" data-element_type=\"column\" data-e-type=\"column\">\n\t\t\t<div class=\"elementor-widget-wrap elementor-element-populated\">\n\t\t\t\t\t\t<div class=\"elementor-element elementor-element-4b1c2889 elementor-share-buttons--view-icon elementor-share-buttons--skin-flat elementor-share-buttons--shape-circle elementor-grid-0 elementor-share-buttons--color-official elementor-widget elementor-widget-share-buttons\" data-id=\"4b1c2889\" data-element_type=\"widget\" data-e-type=\"widget\" data-widget_type=\"share-buttons.default\">\n\t\t\t\t<div class=\"elementor-widget-container\">\n\t\t\t\t\t\t\t<div class=\"elementor-grid\" role=\"list\">\n\t\t\t\t\t\t\t\t<div class=\"elementor-grid-item\" role=\"listitem\">\n\t\t\t\t\t\t<div class=\"elementor-share-btn elementor-share-btn_whatsapp\" role=\"button\" tabindex=\"0\" aria-label=\"Compartir en whatsapp\">\n\t\t\t\t\t\t\t\t\t\t\t\t\t\t\t<span class=\"elementor-share-btn__icon\">\n\t\t\t\t\t\t\t\t<i class=\"fab fa-whatsapp\" aria-hidden=\"true\"><\/i>\t\t\t\t\t\t\t<\/span>\n\t\t\t\t\t\t\t\t\t\t\t\t\t\t\t\t\t\t\t\t<\/div>\n\t\t\t\t\t<\/div>\n\t\t\t\t\t\t\t\t\t<div class=\"elementor-grid-item\" role=\"listitem\">\n\t\t\t\t\t\t<div class=\"elementor-share-btn elementor-share-btn_facebook\" role=\"button\" tabindex=\"0\" aria-label=\"Compartir en facebook\">\n\t\t\t\t\t\t\t\t\t\t\t\t\t\t\t<span class=\"elementor-share-btn__icon\">\n\t\t\t\t\t\t\t\t<i class=\"fab fa-facebook\" aria-hidden=\"true\"><\/i>\t\t\t\t\t\t\t<\/span>\n\t\t\t\t\t\t\t\t\t\t\t\t\t\t\t\t\t\t\t\t<\/div>\n\t\t\t\t\t<\/div>\n\t\t\t\t\t\t\t\t\t<div class=\"elementor-grid-item\" role=\"listitem\">\n\t\t\t\t\t\t<div class=\"elementor-share-btn elementor-share-btn_twitter\" role=\"button\" tabindex=\"0\" aria-label=\"Compartir en twitter\">\n\t\t\t\t\t\t\t\t\t\t\t\t\t\t\t<span class=\"elementor-share-btn__icon\">\n\t\t\t\t\t\t\t\t<i class=\"fab fa-twitter\" aria-hidden=\"true\"><\/i>\t\t\t\t\t\t\t<\/span>\n\t\t\t\t\t\t\t\t\t\t\t\t\t\t\t\t\t\t\t\t<\/div>\n\t\t\t\t\t<\/div>\n\t\t\t\t\t\t\t\t\t<div class=\"elementor-grid-item\" role=\"listitem\">\n\t\t\t\t\t\t<div class=\"elementor-share-btn elementor-share-btn_linkedin\" role=\"button\" tabindex=\"0\" aria-label=\"Compartir en linkedin\">\n\t\t\t\t\t\t\t\t\t\t\t\t\t\t\t<span class=\"elementor-share-btn__icon\">\n\t\t\t\t\t\t\t\t<i class=\"fab fa-linkedin\" aria-hidden=\"true\"><\/i>\t\t\t\t\t\t\t<\/span>\n\t\t\t\t\t\t\t\t\t\t\t\t\t\t\t\t\t\t\t\t<\/div>\n\t\t\t\t\t<\/div>\n\t\t\t\t\t\t\t\t\t<div class=\"elementor-grid-item\" role=\"listitem\">\n\t\t\t\t\t\t<div class=\"elementor-share-btn elementor-share-btn_email\" role=\"button\" tabindex=\"0\" aria-label=\"Compartir en email\">\n\t\t\t\t\t\t\t\t\t\t\t\t\t\t\t<span class=\"elementor-share-btn__icon\">\n\t\t\t\t\t\t\t\t<i class=\"fas fa-envelope\" aria-hidden=\"true\"><\/i>\t\t\t\t\t\t\t<\/span>\n\t\t\t\t\t\t\t\t\t\t\t\t\t\t\t\t\t\t\t\t<\/div>\n\t\t\t\t\t<\/div>\n\t\t\t\t\t\t<\/div>\n\t\t\t\t\t\t<\/div>\n\t\t\t\t<\/div>\n\t\t\t\t\t<\/div>\n\t\t<\/div>\n\t\t\t\t\t<\/div>\n\t\t<\/section>\n\t\t\t\t<div class=\"elementor-element elementor-element-53748b1e elementor-widget elementor-widget-spacer\" data-id=\"53748b1e\" data-element_type=\"widget\" data-e-type=\"widget\" data-widget_type=\"spacer.default\">\n\t\t\t\t<div class=\"elementor-widget-container\">\n\t\t\t\t\t\t\t<div class=\"elementor-spacer\">\n\t\t\t<div class=\"elementor-spacer-inner\"><\/div>\n\t\t<\/div>\n\t\t\t\t\t\t<\/div>\n\t\t\t\t<\/div>\n\t\t\t\t<div class=\"elementor-element elementor-element-3d2a4d8c elementor-post-navigation-borders-yes elementor-widget elementor-widget-post-navigation\" data-id=\"3d2a4d8c\" data-element_type=\"widget\" data-e-type=\"widget\" data-widget_type=\"post-navigation.default\">\n\t\t\t\t<div class=\"elementor-widget-container\">\n\t\t\t\t\t\t\t<div class=\"elementor-post-navigation\" role=\"navigation\" aria-label=\"Navegaci\u00f3n de la entrada\">\n\t\t\t<div class=\"elementor-post-navigation__prev elementor-post-navigation__link\">\n\t\t\t\t<a href=\"https:\/\/fralla.mx\/insights\/en\/tax-news-no-12-march-2025\/\" rel=\"prev\"><span class=\"post-navigation__arrow-wrapper post-navigation__arrow-prev\"><i aria-hidden=\"true\" class=\"fas fa-angle-double-left\"><\/i><span class=\"elementor-screen-only\">Ant<\/span><\/span><span class=\"elementor-post-navigation__link__prev\"><span class=\"post-navigation__prev--label\">Noticia Anterior<\/span><\/span><\/a>\t\t\t<\/div>\n\t\t\t\t\t\t\t<div class=\"elementor-post-navigation__separator-wrapper\">\n\t\t\t\t\t<div class=\"elementor-post-navigation__separator\"><\/div>\n\t\t\t\t<\/div>\n\t\t\t\t\t\t<div class=\"elementor-post-navigation__next elementor-post-navigation__link\">\n\t\t\t\t<a href=\"https:\/\/fralla.mx\/insights\/en\/statement-no-6-march-2025\/\" rel=\"next\"><span class=\"elementor-post-navigation__link__next\"><span class=\"post-navigation__next--label\">Noticia Siguiente<\/span><\/span><span class=\"post-navigation__arrow-wrapper post-navigation__arrow-next\"><i aria-hidden=\"true\" class=\"fas fa-angle-double-right\"><\/i><span class=\"elementor-screen-only\">Siguiente<\/span><\/span><\/a>\t\t\t<\/div>\n\t\t<\/div>\n\t\t\t\t\t\t<\/div>\n\t\t\t\t<\/div>\n\t\t\t\t\t<\/div>\n\t\t<\/div>\n\t\t\t\t\t<\/div>\n\t\t<\/section>\n\t\t\t\t<\/div>\n\t\t","protected":false},"excerpt":{"rendered":"<p>SAT invita a las empresas a presentar a tiempo su Declaraci\u00f3n Anual<\/p>\n","protected":false},"author":2,"featured_media":8393,"comment_status":"open","ping_status":"closed","sticky":false,"template":"","format":"image","meta":{"site-sidebar-layout":"default","site-content-layout":"","ast-site-content-layout":"default","site-content-style":"default","site-sidebar-style":"default","ast-global-header-display":"","ast-banner-title-visibility":"","ast-main-header-display":"","ast-hfb-above-header-display":"","ast-hfb-below-header-display":"","ast-hfb-mobile-header-display":"","site-post-title":"","ast-breadcrumbs-content":"","ast-featured-img":"","footer-sml-layout":"","ast-disable-related-posts":"","theme-transparent-header-meta":"","adv-header-id-meta":"","stick-header-meta":"","header-above-stick-meta":"","header-main-stick-meta":"","header-below-stick-meta":"","astra-migrate-meta-layouts":"set","ast-page-background-enabled":"default","ast-page-background-meta":{"desktop":{"background-color":"","background-image":"","background-repeat":"repeat","background-position":"center center","background-size":"auto","background-attachment":"scroll","background-type":"","background-media":"","overlay-type":"","overlay-color":"","overlay-opacity":"","overlay-gradient":""},"tablet":{"background-color":"","background-image":"","background-repeat":"repeat","background-position":"center center","background-size":"auto","background-attachment":"scroll","background-type":"","background-media":"","overlay-type":"","overlay-color":"","overlay-opacity":"","overlay-gradient":""},"mobile":{"background-color":"","background-image":"","background-repeat":"repeat","background-position":"center center","background-size":"auto","background-attachment":"scroll","background-type":"","background-media":"","overlay-type":"","overlay-color":"","overlay-opacity":"","overlay-gradient":""}},"ast-content-background-meta":{"desktop":{"background-color":"var(--ast-global-color-5)","background-image":"","background-repeat":"repeat","background-position":"center center","background-size":"auto","background-attachment":"scroll","background-type":"","background-media":"","overlay-type":"","overlay-color":"","overlay-opacity":"","overlay-gradient":""},"tablet":{"background-color":"var(--ast-global-color-5)","background-image":"","background-repeat":"repeat","background-position":"center center","background-size":"auto","background-attachment":"scroll","background-type":"","background-media":"","overlay-type":"","overlay-color":"","overlay-opacity":"","overlay-gradient":""},"mobile":{"background-color":"var(--ast-global-color-5)","background-image":"","background-repeat":"repeat","background-position":"center center","background-size":"auto","background-attachment":"scroll","background-type":"","background-media":"","overlay-type":"","overlay-color":"","overlay-opacity":"","overlay-gradient":""}},"footnotes":"","_members_access_role":[],"_members_access_error":""},"categories":[22],"tags":[],"class_list":["post-8398","post","type-post","status-publish","format-image","has-post-thumbnail","hentry","category-noticias-fiscales","post_format-post-format-image"],"yoast_head":"<!-- This site is optimized with the Yoast SEO plugin v28.4 - https:\/\/yoast.com\/product\/yoast-seo-wordpress\/ -->\n<title>Comunicado No 6 - Marzo 2025 - FRALLA<\/title>\n<meta name=\"robots\" content=\"index, follow, max-snippet:-1, max-image-preview:large, max-video-preview:-1\" \/>\n<link rel=\"canonical\" href=\"https:\/\/fralla.mx\/insights\/comunicado-no-6-marzo-2025\/\" \/>\n<meta property=\"og:locale\" content=\"es_ES\" \/>\n<meta property=\"og:type\" content=\"article\" \/>\n<meta property=\"og:title\" content=\"Comunicado No 6 - Marzo 2025 - FRALLA\" \/>\n<meta property=\"og:description\" content=\"SAT invita a las empresas a presentar a tiempo su Declaraci\u00f3n Anual\" \/>\n<meta property=\"og:url\" content=\"https:\/\/fralla.mx\/insights\/comunicado-no-6-marzo-2025\/\" \/>\n<meta property=\"og:site_name\" content=\"FRALLA\" \/>\n<meta property=\"article:published_time\" content=\"2025-03-10T16:16:52+00:00\" \/>\n<meta property=\"article:modified_time\" content=\"2025-03-10T16:17:38+00:00\" \/>\n<meta property=\"og:image\" content=\"https:\/\/fralla.mx\/insights\/wp-content\/uploads\/2025\/03\/Captura-de-pantalla-2025-03-07-175734.png\" \/>\n\t<meta property=\"og:image:width\" content=\"448\" \/>\n\t<meta property=\"og:image:height\" content=\"269\" \/>\n\t<meta property=\"og:image:type\" content=\"image\/png\" \/>\n<meta name=\"author\" content=\"Paulina Cerrillo\" \/>\n<meta name=\"twitter:card\" content=\"summary_large_image\" \/>\n<meta name=\"twitter:label1\" content=\"Escrito por\" \/>\n\t<meta name=\"twitter:data1\" content=\"Paulina Cerrillo\" \/>\n\t<meta name=\"twitter:label2\" content=\"Tiempo de lectura\" \/>\n\t<meta name=\"twitter:data2\" content=\"2 minutos\" \/>\n<script type=\"application\/ld+json\" class=\"yoast-schema-graph\">{\"@context\":\"https:\\\/\\\/schema.org\",\"@graph\":[{\"@type\":\"Article\",\"@id\":\"https:\\\/\\\/fralla.mx\\\/insights\\\/comunicado-no-6-marzo-2025\\\/#article\",\"isPartOf\":{\"@id\":\"https:\\\/\\\/fralla.mx\\\/insights\\\/comunicado-no-6-marzo-2025\\\/\"},\"author\":{\"name\":\"Paulina Cerrillo\",\"@id\":\"https:\\\/\\\/fralla.mx\\\/insights\\\/#\\\/schema\\\/person\\\/5b8d8535d1036ed186528f07d1c849a0\"},\"headline\":\"Comunicado No 6 &#8211; Marzo 2025\",\"datePublished\":\"2025-03-10T16:16:52+00:00\",\"dateModified\":\"2025-03-10T16:17:38+00:00\",\"mainEntityOfPage\":{\"@id\":\"https:\\\/\\\/fralla.mx\\\/insights\\\/comunicado-no-6-marzo-2025\\\/\"},\"wordCount\":324,\"commentCount\":0,\"publisher\":{\"@id\":\"https:\\\/\\\/fralla.mx\\\/insights\\\/#organization\"},\"image\":{\"@id\":\"https:\\\/\\\/fralla.mx\\\/insights\\\/comunicado-no-6-marzo-2025\\\/#primaryimage\"},\"thumbnailUrl\":\"https:\\\/\\\/fralla.mx\\\/insights\\\/wp-content\\\/uploads\\\/2025\\\/03\\\/Captura-de-pantalla-2025-03-07-175734.png\",\"articleSection\":[\"Noticias Fiscales\"],\"inLanguage\":\"es\",\"potentialAction\":[{\"@type\":\"CommentAction\",\"name\":\"Comment\",\"target\":[\"https:\\\/\\\/fralla.mx\\\/insights\\\/comunicado-no-6-marzo-2025\\\/#respond\"]}]},{\"@type\":\"WebPage\",\"@id\":\"https:\\\/\\\/fralla.mx\\\/insights\\\/comunicado-no-6-marzo-2025\\\/\",\"url\":\"https:\\\/\\\/fralla.mx\\\/insights\\\/comunicado-no-6-marzo-2025\\\/\",\"name\":\"Comunicado No 6 - Marzo 2025 - FRALLA\",\"isPartOf\":{\"@id\":\"https:\\\/\\\/fralla.mx\\\/insights\\\/#website\"},\"primaryImageOfPage\":{\"@id\":\"https:\\\/\\\/fralla.mx\\\/insights\\\/comunicado-no-6-marzo-2025\\\/#primaryimage\"},\"image\":{\"@id\":\"https:\\\/\\\/fralla.mx\\\/insights\\\/comunicado-no-6-marzo-2025\\\/#primaryimage\"},\"thumbnailUrl\":\"https:\\\/\\\/fralla.mx\\\/insights\\\/wp-content\\\/uploads\\\/2025\\\/03\\\/Captura-de-pantalla-2025-03-07-175734.png\",\"datePublished\":\"2025-03-10T16:16:52+00:00\",\"dateModified\":\"2025-03-10T16:17:38+00:00\",\"breadcrumb\":{\"@id\":\"https:\\\/\\\/fralla.mx\\\/insights\\\/comunicado-no-6-marzo-2025\\\/#breadcrumb\"},\"inLanguage\":\"es\",\"potentialAction\":[{\"@type\":\"ReadAction\",\"target\":[\"https:\\\/\\\/fralla.mx\\\/insights\\\/comunicado-no-6-marzo-2025\\\/\"]}]},{\"@type\":\"ImageObject\",\"inLanguage\":\"es\",\"@id\":\"https:\\\/\\\/fralla.mx\\\/insights\\\/comunicado-no-6-marzo-2025\\\/#primaryimage\",\"url\":\"https:\\\/\\\/fralla.mx\\\/insights\\\/wp-content\\\/uploads\\\/2025\\\/03\\\/Captura-de-pantalla-2025-03-07-175734.png\",\"contentUrl\":\"https:\\\/\\\/fralla.mx\\\/insights\\\/wp-content\\\/uploads\\\/2025\\\/03\\\/Captura-de-pantalla-2025-03-07-175734.png\",\"width\":448,\"height\":269},{\"@type\":\"BreadcrumbList\",\"@id\":\"https:\\\/\\\/fralla.mx\\\/insights\\\/comunicado-no-6-marzo-2025\\\/#breadcrumb\",\"itemListElement\":[{\"@type\":\"ListItem\",\"position\":1,\"name\":\"Portada\",\"item\":\"https:\\\/\\\/fralla.mx\\\/insights\\\/\"},{\"@type\":\"ListItem\",\"position\":2,\"name\":\"Comunicado No 6 &#8211; Marzo 2025\"}]},{\"@type\":\"WebSite\",\"@id\":\"https:\\\/\\\/fralla.mx\\\/insights\\\/#website\",\"url\":\"https:\\\/\\\/fralla.mx\\\/insights\\\/\",\"name\":\"FRALLA\",\"description\":\"Servicios de asesor\u00eda y consultor\u00eda fiscal de alto nivel\",\"publisher\":{\"@id\":\"https:\\\/\\\/fralla.mx\\\/insights\\\/#organization\"},\"potentialAction\":[{\"@type\":\"SearchAction\",\"target\":{\"@type\":\"EntryPoint\",\"urlTemplate\":\"https:\\\/\\\/fralla.mx\\\/insights\\\/?s={search_term_string}\"},\"query-input\":{\"@type\":\"PropertyValueSpecification\",\"valueRequired\":true,\"valueName\":\"search_term_string\"}}],\"inLanguage\":\"es\"},{\"@type\":\"Organization\",\"@id\":\"https:\\\/\\\/fralla.mx\\\/insights\\\/#organization\",\"name\":\"FRALLA - Asesores de Negocios\",\"url\":\"https:\\\/\\\/fralla.mx\\\/insights\\\/\",\"logo\":{\"@type\":\"ImageObject\",\"inLanguage\":\"es\",\"@id\":\"https:\\\/\\\/fralla.mx\\\/insights\\\/#\\\/schema\\\/logo\\\/image\\\/\",\"url\":\"https:\\\/\\\/fralla.mx\\\/wp-content\\\/uploads\\\/2020\\\/10\\\/fralla_logo-1.png\",\"contentUrl\":\"https:\\\/\\\/fralla.mx\\\/wp-content\\\/uploads\\\/2020\\\/10\\\/fralla_logo-1.png\",\"width\":180,\"height\":35,\"caption\":\"FRALLA - Asesores de Negocios\"},\"image\":{\"@id\":\"https:\\\/\\\/fralla.mx\\\/insights\\\/#\\\/schema\\\/logo\\\/image\\\/\"}},{\"@type\":\"Person\",\"@id\":\"https:\\\/\\\/fralla.mx\\\/insights\\\/#\\\/schema\\\/person\\\/5b8d8535d1036ed186528f07d1c849a0\",\"name\":\"Paulina Cerrillo\",\"image\":{\"@type\":\"ImageObject\",\"inLanguage\":\"es\",\"@id\":\"https:\\\/\\\/secure.gravatar.com\\\/avatar\\\/52abc64505882796b61ef5ca9b3eea1c8aa508b8ae08fd0f734b7e9101dd091d?s=96&r=g\",\"url\":\"https:\\\/\\\/secure.gravatar.com\\\/avatar\\\/52abc64505882796b61ef5ca9b3eea1c8aa508b8ae08fd0f734b7e9101dd091d?s=96&r=g\",\"contentUrl\":\"https:\\\/\\\/secure.gravatar.com\\\/avatar\\\/52abc64505882796b61ef5ca9b3eea1c8aa508b8ae08fd0f734b7e9101dd091d?s=96&r=g\",\"caption\":\"Paulina Cerrillo\"}}]}<\/script>\n<!-- \/ Yoast SEO plugin. -->","yoast_head_json":{"title":"Comunicado No 6 - Marzo 2025 - FRALLA","robots":{"index":"index","follow":"follow","max-snippet":"max-snippet:-1","max-image-preview":"max-image-preview:large","max-video-preview":"max-video-preview:-1"},"canonical":"https:\/\/fralla.mx\/insights\/comunicado-no-6-marzo-2025\/","og_locale":"es_ES","og_type":"article","og_title":"Comunicado No 6 - Marzo 2025 - FRALLA","og_description":"SAT invita a las empresas a presentar a tiempo su Declaraci\u00f3n Anual","og_url":"https:\/\/fralla.mx\/insights\/comunicado-no-6-marzo-2025\/","og_site_name":"FRALLA","article_published_time":"2025-03-10T16:16:52+00:00","article_modified_time":"2025-03-10T16:17:38+00:00","og_image":[{"width":448,"height":269,"url":"https:\/\/fralla.mx\/insights\/wp-content\/uploads\/2025\/03\/Captura-de-pantalla-2025-03-07-175734.png","type":"image\/png"}],"author":"Paulina Cerrillo","twitter_card":"summary_large_image","twitter_misc":{"Escrito por":"Paulina Cerrillo","Tiempo de lectura":"2 minutos"},"schema":{"@context":"https:\/\/schema.org","@graph":[{"@type":"Article","@id":"https:\/\/fralla.mx\/insights\/comunicado-no-6-marzo-2025\/#article","isPartOf":{"@id":"https:\/\/fralla.mx\/insights\/comunicado-no-6-marzo-2025\/"},"author":{"name":"Paulina Cerrillo","@id":"https:\/\/fralla.mx\/insights\/#\/schema\/person\/5b8d8535d1036ed186528f07d1c849a0"},"headline":"Comunicado No 6 &#8211; Marzo 2025","datePublished":"2025-03-10T16:16:52+00:00","dateModified":"2025-03-10T16:17:38+00:00","mainEntityOfPage":{"@id":"https:\/\/fralla.mx\/insights\/comunicado-no-6-marzo-2025\/"},"wordCount":324,"commentCount":0,"publisher":{"@id":"https:\/\/fralla.mx\/insights\/#organization"},"image":{"@id":"https:\/\/fralla.mx\/insights\/comunicado-no-6-marzo-2025\/#primaryimage"},"thumbnailUrl":"https:\/\/fralla.mx\/insights\/wp-content\/uploads\/2025\/03\/Captura-de-pantalla-2025-03-07-175734.png","articleSection":["Noticias Fiscales"],"inLanguage":"es","potentialAction":[{"@type":"CommentAction","name":"Comment","target":["https:\/\/fralla.mx\/insights\/comunicado-no-6-marzo-2025\/#respond"]}]},{"@type":"WebPage","@id":"https:\/\/fralla.mx\/insights\/comunicado-no-6-marzo-2025\/","url":"https:\/\/fralla.mx\/insights\/comunicado-no-6-marzo-2025\/","name":"Comunicado No 6 - Marzo 2025 - FRALLA","isPartOf":{"@id":"https:\/\/fralla.mx\/insights\/#website"},"primaryImageOfPage":{"@id":"https:\/\/fralla.mx\/insights\/comunicado-no-6-marzo-2025\/#primaryimage"},"image":{"@id":"https:\/\/fralla.mx\/insights\/comunicado-no-6-marzo-2025\/#primaryimage"},"thumbnailUrl":"https:\/\/fralla.mx\/insights\/wp-content\/uploads\/2025\/03\/Captura-de-pantalla-2025-03-07-175734.png","datePublished":"2025-03-10T16:16:52+00:00","dateModified":"2025-03-10T16:17:38+00:00","breadcrumb":{"@id":"https:\/\/fralla.mx\/insights\/comunicado-no-6-marzo-2025\/#breadcrumb"},"inLanguage":"es","potentialAction":[{"@type":"ReadAction","target":["https:\/\/fralla.mx\/insights\/comunicado-no-6-marzo-2025\/"]}]},{"@type":"ImageObject","inLanguage":"es","@id":"https:\/\/fralla.mx\/insights\/comunicado-no-6-marzo-2025\/#primaryimage","url":"https:\/\/fralla.mx\/insights\/wp-content\/uploads\/2025\/03\/Captura-de-pantalla-2025-03-07-175734.png","contentUrl":"https:\/\/fralla.mx\/insights\/wp-content\/uploads\/2025\/03\/Captura-de-pantalla-2025-03-07-175734.png","width":448,"height":269},{"@type":"BreadcrumbList","@id":"https:\/\/fralla.mx\/insights\/comunicado-no-6-marzo-2025\/#breadcrumb","itemListElement":[{"@type":"ListItem","position":1,"name":"Portada","item":"https:\/\/fralla.mx\/insights\/"},{"@type":"ListItem","position":2,"name":"Comunicado No 6 &#8211; Marzo 2025"}]},{"@type":"WebSite","@id":"https:\/\/fralla.mx\/insights\/#website","url":"https:\/\/fralla.mx\/insights\/","name":"FRALLA","description":"Servicios de asesor\u00eda y consultor\u00eda fiscal de alto nivel","publisher":{"@id":"https:\/\/fralla.mx\/insights\/#organization"},"potentialAction":[{"@type":"SearchAction","target":{"@type":"EntryPoint","urlTemplate":"https:\/\/fralla.mx\/insights\/?s={search_term_string}"},"query-input":{"@type":"PropertyValueSpecification","valueRequired":true,"valueName":"search_term_string"}}],"inLanguage":"es"},{"@type":"Organization","@id":"https:\/\/fralla.mx\/insights\/#organization","name":"FRALLA - Asesores de Negocios","url":"https:\/\/fralla.mx\/insights\/","logo":{"@type":"ImageObject","inLanguage":"es","@id":"https:\/\/fralla.mx\/insights\/#\/schema\/logo\/image\/","url":"https:\/\/fralla.mx\/wp-content\/uploads\/2020\/10\/fralla_logo-1.png","contentUrl":"https:\/\/fralla.mx\/wp-content\/uploads\/2020\/10\/fralla_logo-1.png","width":180,"height":35,"caption":"FRALLA - Asesores de Negocios"},"image":{"@id":"https:\/\/fralla.mx\/insights\/#\/schema\/logo\/image\/"}},{"@type":"Person","@id":"https:\/\/fralla.mx\/insights\/#\/schema\/person\/5b8d8535d1036ed186528f07d1c849a0","name":"Paulina Cerrillo","image":{"@type":"ImageObject","inLanguage":"es","@id":"https:\/\/secure.gravatar.com\/avatar\/52abc64505882796b61ef5ca9b3eea1c8aa508b8ae08fd0f734b7e9101dd091d?s=96&r=g","url":"https:\/\/secure.gravatar.com\/avatar\/52abc64505882796b61ef5ca9b3eea1c8aa508b8ae08fd0f734b7e9101dd091d?s=96&r=g","contentUrl":"https:\/\/secure.gravatar.com\/avatar\/52abc64505882796b61ef5ca9b3eea1c8aa508b8ae08fd0f734b7e9101dd091d?s=96&r=g","caption":"Paulina Cerrillo"}}]}},"_links":{"self":[{"href":"https:\/\/fralla.mx\/insights\/wp-json\/wp\/v2\/posts\/8398","targetHints":{"allow":["GET"]}}],"collection":[{"href":"https:\/\/fralla.mx\/insights\/wp-json\/wp\/v2\/posts"}],"about":[{"href":"https:\/\/fralla.mx\/insights\/wp-json\/wp\/v2\/types\/post"}],"author":[{"embeddable":true,"href":"https:\/\/fralla.mx\/insights\/wp-json\/wp\/v2\/users\/2"}],"replies":[{"embeddable":true,"href":"https:\/\/fralla.mx\/insights\/wp-json\/wp\/v2\/comments?post=8398"}],"version-history":[{"count":5,"href":"https:\/\/fralla.mx\/insights\/wp-json\/wp\/v2\/posts\/8398\/revisions"}],"predecessor-version":[{"id":8403,"href":"https:\/\/fralla.mx\/insights\/wp-json\/wp\/v2\/posts\/8398\/revisions\/8403"}],"wp:featuredmedia":[{"embeddable":true,"href":"https:\/\/fralla.mx\/insights\/wp-json\/wp\/v2\/media\/8393"}],"wp:attachment":[{"href":"https:\/\/fralla.mx\/insights\/wp-json\/wp\/v2\/media?parent=8398"}],"wp:term":[{"taxonomy":"category","embeddable":true,"href":"https:\/\/fralla.mx\/insights\/wp-json\/wp\/v2\/categories?post=8398"},{"taxonomy":"post_tag","embeddable":true,"href":"https:\/\/fralla.mx\/insights\/wp-json\/wp\/v2\/tags?post=8398"}],"curies":[{"name":"wp","href":"https:\/\/api.w.org\/{rel}","templated":true}]}}