{"id":7644,"date":"2024-06-28T06:22:01","date_gmt":"2024-06-28T12:22:01","guid":{"rendered":"https:\/\/fralla.mx\/?p=7644"},"modified":"2024-06-28T06:23:35","modified_gmt":"2024-06-28T12:23:35","slug":"comunicado-no-16-junio-2024","status":"publish","type":"post","link":"https:\/\/fralla.mx\/insights\/comunicado-no-16-junio-2024\/","title":{"rendered":"Comunicado No 16 &#8211; Junio 2024"},"content":{"rendered":"\t\t<div data-elementor-type=\"wp-post\" data-elementor-id=\"7644\" class=\"elementor elementor-7644\" data-elementor-post-type=\"post\">\n\t\t\t\t\t\t<section class=\"elementor-section elementor-top-section elementor-element elementor-element-3c0c390a elementor-section-boxed elementor-section-height-default elementor-section-height-default\" data-id=\"3c0c390a\" data-element_type=\"section\" data-e-type=\"section\">\n\t\t\t\t\t\t<div class=\"elementor-container elementor-column-gap-default\">\n\t\t\t\t\t<div class=\"elementor-column elementor-col-100 elementor-top-column elementor-element elementor-element-62098365\" data-id=\"62098365\" data-element_type=\"column\" data-e-type=\"column\">\n\t\t\t<div class=\"elementor-widget-wrap elementor-element-populated\">\n\t\t\t\t\t\t<div class=\"elementor-element elementor-element-3aa609b3 elementor-widget elementor-widget-text-editor\" data-id=\"3aa609b3\" data-element_type=\"widget\" data-e-type=\"widget\" data-widget_type=\"text-editor.default\">\n\t\t\t\t<div class=\"elementor-widget-container\">\n\t\t\t\t\t\t\t\t\t\t\t\t\t\t\t\t\t<\/div>\n\t\t\t\t<\/div>\n\t\t\t\t\t<\/div>\n\t\t<\/div>\n\t\t\t\t\t<\/div>\n\t\t<\/section>\n\t\t\t\t<section class=\"elementor-section elementor-top-section elementor-element elementor-element-4ba30e82 elementor-section-height-min-height elementor-section-items-top elementor-section-boxed elementor-section-height-default\" data-id=\"4ba30e82\" data-element_type=\"section\" data-e-type=\"section\" data-settings=\"{&quot;background_background&quot;:&quot;gradient&quot;,&quot;shape_divider_bottom&quot;:&quot;waves&quot;}\">\n\t\t\t\t\t\t\t<div class=\"elementor-background-overlay\"><\/div>\n\t\t\t\t\t\t<div class=\"elementor-shape elementor-shape-bottom\" aria-hidden=\"true\" data-negative=\"false\">\n\t\t\t<svg xmlns=\"http:\/\/www.w3.org\/2000\/svg\" viewBox=\"0 0 1000 100\" preserveAspectRatio=\"none\">\n\t<path class=\"elementor-shape-fill\" d=\"M421.9,6.5c22.6-2.5,51.5,0.4,75.5,5.3c23.6,4.9,70.9,23.5,100.5,35.7c75.8,32.2,133.7,44.5,192.6,49.7\n\tc23.6,2.1,48.7,3.5,103.4-2.5c54.7-6,106.2-25.6,106.2-25.6V0H0v30.3c0,0,72,32.6,158.4,30.5c39.2-0.7,92.8-6.7,134-22.4\n\tc21.2-8.1,52.2-18.2,79.7-24.2C399.3,7.9,411.6,7.5,421.9,6.5z\"\/>\n<\/svg>\t\t<\/div>\n\t\t\t\t\t<div class=\"elementor-container elementor-column-gap-default\">\n\t\t\t\t\t<div class=\"elementor-column elementor-col-100 elementor-top-column elementor-element elementor-element-1c251644\" data-id=\"1c251644\" data-element_type=\"column\" data-e-type=\"column\">\n\t\t\t<div class=\"elementor-widget-wrap elementor-element-populated\">\n\t\t\t\t\t\t<div class=\"elementor-element elementor-element-770a44d1 elementor-widget elementor-widget-theme-post-title elementor-page-title elementor-widget-heading\" data-id=\"770a44d1\" data-element_type=\"widget\" data-e-type=\"widget\" data-widget_type=\"theme-post-title.default\">\n\t\t\t\t<div class=\"elementor-widget-container\">\n\t\t\t\t\t<h1 class=\"elementor-heading-title elementor-size-default\">Comunicado No 16 &#8211; Junio 2024<\/h1>\t\t\t\t<\/div>\n\t\t\t\t<\/div>\n\t\t\t\t\t<\/div>\n\t\t<\/div>\n\t\t\t\t\t<\/div>\n\t\t<\/section>\n\t\t\t\t<section class=\"elementor-section elementor-top-section elementor-element elementor-element-6423ca8d elementor-section-boxed elementor-section-height-default elementor-section-height-default\" data-id=\"6423ca8d\" data-element_type=\"section\" data-e-type=\"section\">\n\t\t\t\t\t\t<div class=\"elementor-container elementor-column-gap-default\">\n\t\t\t\t\t<div class=\"elementor-column elementor-col-100 elementor-top-column elementor-element elementor-element-4efde7b0\" data-id=\"4efde7b0\" data-element_type=\"column\" data-e-type=\"column\">\n\t\t\t<div class=\"elementor-widget-wrap elementor-element-populated\">\n\t\t\t\t\t\t<div class=\"elementor-element elementor-element-6eaf8a24 elementor-widget elementor-widget-theme-post-featured-image elementor-widget-image\" data-id=\"6eaf8a24\" data-element_type=\"widget\" data-e-type=\"widget\" data-widget_type=\"theme-post-featured-image.default\">\n\t\t\t\t<div class=\"elementor-widget-container\">\n\t\t\t\t\t\t\t\t\t\t\t\t\t\t\t<img fetchpriority=\"high\" decoding=\"async\" width=\"1024\" height=\"576\" src=\"https:\/\/fralla.mx\/insights\/wp-content\/uploads\/2024\/06\/Comunicado-16-1024x576.jpeg\" class=\"attachment-large size-large wp-image-7645\" alt=\"\" srcset=\"https:\/\/fralla.mx\/insights\/wp-content\/uploads\/2024\/06\/Comunicado-16-1024x576.jpeg 1024w, https:\/\/fralla.mx\/insights\/wp-content\/uploads\/2024\/06\/Comunicado-16-768x432.jpeg 768w, https:\/\/fralla.mx\/insights\/wp-content\/uploads\/2024\/06\/Comunicado-16.jpeg 1201w\" sizes=\"(max-width: 1024px) 100vw, 1024px\" \/>\t\t\t\t\t\t\t\t\t\t\t\t\t\t\t<\/div>\n\t\t\t\t<\/div>\n\t\t\t\t<div class=\"elementor-element elementor-element-4c491a4b elementor-widget elementor-widget-spacer\" data-id=\"4c491a4b\" data-element_type=\"widget\" data-e-type=\"widget\" data-widget_type=\"spacer.default\">\n\t\t\t\t<div class=\"elementor-widget-container\">\n\t\t\t\t\t\t\t<div class=\"elementor-spacer\">\n\t\t\t<div class=\"elementor-spacer-inner\"><\/div>\n\t\t<\/div>\n\t\t\t\t\t\t<\/div>\n\t\t\t\t<\/div>\n\t\t\t\t<div class=\"elementor-element elementor-element-23e82c8b elementor-widget elementor-widget-theme-post-excerpt\" data-id=\"23e82c8b\" data-element_type=\"widget\" data-e-type=\"widget\" data-widget_type=\"theme-post-excerpt.default\">\n\t\t\t\t<div class=\"elementor-widget-container\">\n\t\t\t\t\tPrimer Periodo General de Vacaciones PRODECON 2024\t\t\t\t<\/div>\n\t\t\t\t<\/div>\n\t\t\t\t<div class=\"elementor-element elementor-element-feb975f elementor-widget elementor-widget-spacer\" data-id=\"feb975f\" data-element_type=\"widget\" data-e-type=\"widget\" data-widget_type=\"spacer.default\">\n\t\t\t\t<div class=\"elementor-widget-container\">\n\t\t\t\t\t\t\t<div class=\"elementor-spacer\">\n\t\t\t<div class=\"elementor-spacer-inner\"><\/div>\n\t\t<\/div>\n\t\t\t\t\t\t<\/div>\n\t\t\t\t<\/div>\n\t\t\t\t<div class=\"elementor-element elementor-element-13017dea elementor-widget elementor-widget-text-editor\" data-id=\"13017dea\" data-element_type=\"widget\" data-e-type=\"widget\" data-widget_type=\"text-editor.default\">\n\t\t\t\t<div class=\"elementor-widget-container\">\n\t\t\t\t\t\t\t\t\t<p style=\"text-align: justify;\">El 25 de junio de 2024 la Procuradur\u00eda de la Defensa del Contribuyente (PRODECON) dio a conocer el Bolet\u00edn 06\/2024, a trav\u00e9s del cual se recuerda que mediante el Acuerdo General 010\/2023, publicado en el Diario Oficial de la Federaci\u00f3n el pasado 14 de diciembre de 2023 se dio a conocer el primer periodo general de vacaciones de la PRODECON, el cual comprende del 18 de julio al 31 de julio de 2024, reanudando labores el 1\u00b0 de agosto del 2024.<\/p>\n<p style=\"text-align: justify;\">Ponemos a su disposici\u00f3n el v\u00ednculo donde puede ser consultada dicha publicaci\u00f3n:<\/p>\n<p style=\"text-align: justify;\"><a href=\"https:\/\/www.prodecon.gob.mx\/wp-content\/uploads\/2024\/06\/Boletin-06_periodo-vacacional-ok.pdf\">https:\/\/www.prodecon.gob.mx\/wp-content\/uploads\/2024\/06\/Boletin-06_periodo-vacacional-ok.pdf<\/a><\/p>\n<p style=\"text-align: justify;\">\u00a0<\/p>\n<p style=\"text-align: center;\">*\u00a0\u00a0\u00a0\u00a0\u00a0\u00a0\u00a0\u00a0\u00a0\u00a0\u00a0\u00a0\u00a0\u00a0\u00a0 *\u00a0\u00a0\u00a0\u00a0\u00a0\u00a0\u00a0\u00a0\u00a0\u00a0\u00a0\u00a0\u00a0\u00a0\u00a0 *\u00a0\u00a0\u00a0\u00a0\u00a0\u00a0\u00a0\u00a0\u00a0\u00a0\u00a0\u00a0\u00a0\u00a0\u00a0 *<\/p>\t\t\t\t\t\t\t\t<\/div>\n\t\t\t\t<\/div>\n\t\t\t\t<section class=\"elementor-section elementor-inner-section elementor-element elementor-element-61390926 elementor-section-boxed elementor-section-height-default elementor-section-height-default\" data-id=\"61390926\" data-element_type=\"section\" data-e-type=\"section\">\n\t\t\t\t\t\t<div class=\"elementor-container elementor-column-gap-default\">\n\t\t\t\t\t<div class=\"elementor-column elementor-col-50 elementor-inner-column elementor-element elementor-element-dbee164\" data-id=\"dbee164\" data-element_type=\"column\" data-e-type=\"column\">\n\t\t\t<div class=\"elementor-widget-wrap elementor-element-populated\">\n\t\t\t\t\t\t<div class=\"elementor-element elementor-element-55f4b9f2 elementor-widget elementor-widget-heading\" data-id=\"55f4b9f2\" data-element_type=\"widget\" data-e-type=\"widget\" data-widget_type=\"heading.default\">\n\t\t\t\t<div class=\"elementor-widget-container\">\n\t\t\t\t\t<h5 class=\"elementor-heading-title elementor-size-default\">Comparte esta noticia<\/h5>\t\t\t\t<\/div>\n\t\t\t\t<\/div>\n\t\t\t\t\t<\/div>\n\t\t<\/div>\n\t\t\t\t<div class=\"elementor-column elementor-col-50 elementor-inner-column elementor-element elementor-element-16f3327\" data-id=\"16f3327\" data-element_type=\"column\" data-e-type=\"column\">\n\t\t\t<div class=\"elementor-widget-wrap elementor-element-populated\">\n\t\t\t\t\t\t<div class=\"elementor-element elementor-element-7faa87cb elementor-share-buttons--view-icon elementor-share-buttons--skin-flat elementor-share-buttons--shape-circle elementor-grid-0 elementor-share-buttons--color-official elementor-widget elementor-widget-share-buttons\" data-id=\"7faa87cb\" data-element_type=\"widget\" data-e-type=\"widget\" data-widget_type=\"share-buttons.default\">\n\t\t\t\t<div class=\"elementor-widget-container\">\n\t\t\t\t\t\t\t<div class=\"elementor-grid\" role=\"list\">\n\t\t\t\t\t\t\t\t<div class=\"elementor-grid-item\" role=\"listitem\">\n\t\t\t\t\t\t<div class=\"elementor-share-btn elementor-share-btn_whatsapp\" role=\"button\" tabindex=\"0\" aria-label=\"Compartir en whatsapp\">\n\t\t\t\t\t\t\t\t\t\t\t\t\t\t\t<span class=\"elementor-share-btn__icon\">\n\t\t\t\t\t\t\t\t<i class=\"fab fa-whatsapp\" aria-hidden=\"true\"><\/i>\t\t\t\t\t\t\t<\/span>\n\t\t\t\t\t\t\t\t\t\t\t\t\t\t\t\t\t\t\t\t<\/div>\n\t\t\t\t\t<\/div>\n\t\t\t\t\t\t\t\t\t<div class=\"elementor-grid-item\" role=\"listitem\">\n\t\t\t\t\t\t<div class=\"elementor-share-btn elementor-share-btn_facebook\" role=\"button\" tabindex=\"0\" aria-label=\"Compartir en facebook\">\n\t\t\t\t\t\t\t\t\t\t\t\t\t\t\t<span class=\"elementor-share-btn__icon\">\n\t\t\t\t\t\t\t\t<i class=\"fab fa-facebook\" aria-hidden=\"true\"><\/i>\t\t\t\t\t\t\t<\/span>\n\t\t\t\t\t\t\t\t\t\t\t\t\t\t\t\t\t\t\t\t<\/div>\n\t\t\t\t\t<\/div>\n\t\t\t\t\t\t\t\t\t<div class=\"elementor-grid-item\" role=\"listitem\">\n\t\t\t\t\t\t<div class=\"elementor-share-btn elementor-share-btn_twitter\" role=\"button\" tabindex=\"0\" aria-label=\"Compartir en twitter\">\n\t\t\t\t\t\t\t\t\t\t\t\t\t\t\t<span class=\"elementor-share-btn__icon\">\n\t\t\t\t\t\t\t\t<i class=\"fab fa-twitter\" aria-hidden=\"true\"><\/i>\t\t\t\t\t\t\t<\/span>\n\t\t\t\t\t\t\t\t\t\t\t\t\t\t\t\t\t\t\t\t<\/div>\n\t\t\t\t\t<\/div>\n\t\t\t\t\t\t\t\t\t<div class=\"elementor-grid-item\" role=\"listitem\">\n\t\t\t\t\t\t<div class=\"elementor-share-btn elementor-share-btn_linkedin\" role=\"button\" tabindex=\"0\" aria-label=\"Compartir en linkedin\">\n\t\t\t\t\t\t\t\t\t\t\t\t\t\t\t<span class=\"elementor-share-btn__icon\">\n\t\t\t\t\t\t\t\t<i class=\"fab fa-linkedin\" aria-hidden=\"true\"><\/i>\t\t\t\t\t\t\t<\/span>\n\t\t\t\t\t\t\t\t\t\t\t\t\t\t\t\t\t\t\t\t<\/div>\n\t\t\t\t\t<\/div>\n\t\t\t\t\t\t\t\t\t<div class=\"elementor-grid-item\" role=\"listitem\">\n\t\t\t\t\t\t<div class=\"elementor-share-btn elementor-share-btn_email\" role=\"button\" tabindex=\"0\" aria-label=\"Compartir en email\">\n\t\t\t\t\t\t\t\t\t\t\t\t\t\t\t<span class=\"elementor-share-btn__icon\">\n\t\t\t\t\t\t\t\t<i class=\"fas fa-envelope\" aria-hidden=\"true\"><\/i>\t\t\t\t\t\t\t<\/span>\n\t\t\t\t\t\t\t\t\t\t\t\t\t\t\t\t\t\t\t\t<\/div>\n\t\t\t\t\t<\/div>\n\t\t\t\t\t\t<\/div>\n\t\t\t\t\t\t<\/div>\n\t\t\t\t<\/div>\n\t\t\t\t\t<\/div>\n\t\t<\/div>\n\t\t\t\t\t<\/div>\n\t\t<\/section>\n\t\t\t\t<div class=\"elementor-element elementor-element-2f6cf5f6 elementor-widget elementor-widget-spacer\" data-id=\"2f6cf5f6\" data-element_type=\"widget\" data-e-type=\"widget\" data-widget_type=\"spacer.default\">\n\t\t\t\t<div class=\"elementor-widget-container\">\n\t\t\t\t\t\t\t<div class=\"elementor-spacer\">\n\t\t\t<div class=\"elementor-spacer-inner\"><\/div>\n\t\t<\/div>\n\t\t\t\t\t\t<\/div>\n\t\t\t\t<\/div>\n\t\t\t\t<div class=\"elementor-element elementor-element-5491bb1c elementor-post-navigation-borders-yes elementor-widget elementor-widget-post-navigation\" data-id=\"5491bb1c\" data-element_type=\"widget\" data-e-type=\"widget\" data-widget_type=\"post-navigation.default\">\n\t\t\t\t<div class=\"elementor-widget-container\">\n\t\t\t\t\t\t\t<div class=\"elementor-post-navigation\" role=\"navigation\" aria-label=\"Navegaci\u00f3n de la entrada\">\n\t\t\t<div class=\"elementor-post-navigation__prev elementor-post-navigation__link\">\n\t\t\t\t<a href=\"https:\/\/fralla.mx\/insights\/en\/tax-news-no-21-june-2024\/\" rel=\"prev\"><span class=\"post-navigation__arrow-wrapper post-navigation__arrow-prev\"><i aria-hidden=\"true\" class=\"fas fa-angle-double-left\"><\/i><span class=\"elementor-screen-only\">Ant<\/span><\/span><span class=\"elementor-post-navigation__link__prev\"><span class=\"post-navigation__prev--label\">Noticia Anterior<\/span><\/span><\/a>\t\t\t<\/div>\n\t\t\t\t\t\t\t<div class=\"elementor-post-navigation__separator-wrapper\">\n\t\t\t\t\t<div class=\"elementor-post-navigation__separator\"><\/div>\n\t\t\t\t<\/div>\n\t\t\t\t\t\t<div class=\"elementor-post-navigation__next elementor-post-navigation__link\">\n\t\t\t\t<a href=\"https:\/\/fralla.mx\/insights\/en\/statement-no-16-june-2024\/\" rel=\"next\"><span class=\"elementor-post-navigation__link__next\"><span class=\"post-navigation__next--label\">Noticia Siguiente<\/span><\/span><span class=\"post-navigation__arrow-wrapper post-navigation__arrow-next\"><i aria-hidden=\"true\" class=\"fas fa-angle-double-right\"><\/i><span class=\"elementor-screen-only\">Siguiente<\/span><\/span><\/a>\t\t\t<\/div>\n\t\t<\/div>\n\t\t\t\t\t\t<\/div>\n\t\t\t\t<\/div>\n\t\t\t\t\t<\/div>\n\t\t<\/div>\n\t\t\t\t\t<\/div>\n\t\t<\/section>\n\t\t\t\t<\/div>\n\t\t","protected":false},"excerpt":{"rendered":"<p>Primer Periodo General de Vacaciones PRODECON 2024<\/p>\n","protected":false},"author":1,"featured_media":7645,"comment_status":"open","ping_status":"closed","sticky":false,"template":"","format":"image","meta":{"site-sidebar-layout":"default","site-content-layout":"","ast-site-content-layout":"default","site-content-style":"default","site-sidebar-style":"default","ast-global-header-display":"","ast-banner-title-visibility":"","ast-main-header-display":"","ast-hfb-above-header-display":"","ast-hfb-below-header-display":"","ast-hfb-mobile-header-display":"","site-post-title":"","ast-breadcrumbs-content":"","ast-featured-img":"","footer-sml-layout":"","ast-disable-related-posts":"","theme-transparent-header-meta":"","adv-header-id-meta":"","stick-header-meta":"","header-above-stick-meta":"","header-main-stick-meta":"","header-below-stick-meta":"","astra-migrate-meta-layouts":"set","ast-page-background-enabled":"default","ast-page-background-meta":{"desktop":{"background-color":"","background-image":"","background-repeat":"repeat","background-position":"center center","background-size":"auto","background-attachment":"scroll","background-type":"","background-media":"","overlay-type":"","overlay-color":"","overlay-opacity":"","overlay-gradient":""},"tablet":{"background-color":"","background-image":"","background-repeat":"repeat","background-position":"center center","background-size":"auto","background-attachment":"scroll","background-type":"","background-media":"","overlay-type":"","overlay-color":"","overlay-opacity":"","overlay-gradient":""},"mobile":{"background-color":"","background-image":"","background-repeat":"repeat","background-position":"center center","background-size":"auto","background-attachment":"scroll","background-type":"","background-media":"","overlay-type":"","overlay-color":"","overlay-opacity":"","overlay-gradient":""}},"ast-content-background-meta":{"desktop":{"background-color":"var(--ast-global-color-5)","background-image":"","background-repeat":"repeat","background-position":"center center","background-size":"auto","background-attachment":"scroll","background-type":"","background-media":"","overlay-type":"","overlay-color":"","overlay-opacity":"","overlay-gradient":""},"tablet":{"background-color":"var(--ast-global-color-5)","background-image":"","background-repeat":"repeat","background-position":"center center","background-size":"auto","background-attachment":"scroll","background-type":"","background-media":"","overlay-type":"","overlay-color":"","overlay-opacity":"","overlay-gradient":""},"mobile":{"background-color":"var(--ast-global-color-5)","background-image":"","background-repeat":"repeat","background-position":"center center","background-size":"auto","background-attachment":"scroll","background-type":"","background-media":"","overlay-type":"","overlay-color":"","overlay-opacity":"","overlay-gradient":""}},"footnotes":"","_members_access_role":[],"_members_access_error":""},"categories":[140,29],"tags":[],"class_list":["post-7644","post","type-post","status-publish","format-image","has-post-thumbnail","hentry","category-comunicados","category-noticias-generales","post_format-post-format-image"],"yoast_head":"<!-- This site is optimized with the Yoast SEO plugin v28.4 - https:\/\/yoast.com\/product\/yoast-seo-wordpress\/ -->\n<title>Comunicado No 16 - Junio 2024 - FRALLA<\/title>\n<meta name=\"robots\" content=\"index, follow, max-snippet:-1, max-image-preview:large, max-video-preview:-1\" \/>\n<link rel=\"canonical\" href=\"https:\/\/fralla.mx\/insights\/comunicado-no-16-junio-2024\/\" \/>\n<meta property=\"og:locale\" content=\"es_ES\" \/>\n<meta property=\"og:type\" content=\"article\" \/>\n<meta property=\"og:title\" content=\"Comunicado No 16 - Junio 2024 - FRALLA\" \/>\n<meta property=\"og:description\" content=\"Primer Periodo General de Vacaciones PRODECON 2024\" \/>\n<meta property=\"og:url\" content=\"https:\/\/fralla.mx\/insights\/comunicado-no-16-junio-2024\/\" \/>\n<meta property=\"og:site_name\" content=\"FRALLA\" \/>\n<meta property=\"article:published_time\" content=\"2024-06-28T12:22:01+00:00\" \/>\n<meta property=\"article:modified_time\" content=\"2024-06-28T12:23:35+00:00\" \/>\n<meta property=\"og:image\" content=\"https:\/\/fralla.mx\/insights\/wp-content\/uploads\/2024\/06\/Comunicado-16.jpeg\" \/>\n\t<meta property=\"og:image:width\" content=\"1201\" \/>\n\t<meta property=\"og:image:height\" content=\"676\" \/>\n\t<meta property=\"og:image:type\" content=\"image\/jpeg\" \/>\n<meta name=\"author\" content=\"Juan Carlos\" \/>\n<meta name=\"twitter:card\" content=\"summary_large_image\" \/>\n<meta name=\"twitter:label1\" content=\"Escrito por\" \/>\n\t<meta name=\"twitter:data1\" content=\"Juan Carlos\" \/>\n\t<meta name=\"twitter:label2\" content=\"Tiempo de lectura\" \/>\n\t<meta name=\"twitter:data2\" content=\"1 minuto\" \/>\n<script type=\"application\/ld+json\" class=\"yoast-schema-graph\">{\"@context\":\"https:\\\/\\\/schema.org\",\"@graph\":[{\"@type\":\"Article\",\"@id\":\"https:\\\/\\\/fralla.mx\\\/insights\\\/comunicado-no-16-junio-2024\\\/#article\",\"isPartOf\":{\"@id\":\"https:\\\/\\\/fralla.mx\\\/insights\\\/comunicado-no-16-junio-2024\\\/\"},\"author\":{\"name\":\"Juan Carlos\",\"@id\":\"https:\\\/\\\/fralla.mx\\\/insights\\\/#\\\/schema\\\/person\\\/5fe295863ccb6383811ed46a67d3470b\"},\"headline\":\"Comunicado No 16 &#8211; Junio 2024\",\"datePublished\":\"2024-06-28T12:22:01+00:00\",\"dateModified\":\"2024-06-28T12:23:35+00:00\",\"mainEntityOfPage\":{\"@id\":\"https:\\\/\\\/fralla.mx\\\/insights\\\/comunicado-no-16-junio-2024\\\/\"},\"wordCount\":106,\"commentCount\":0,\"publisher\":{\"@id\":\"https:\\\/\\\/fralla.mx\\\/insights\\\/#organization\"},\"image\":{\"@id\":\"https:\\\/\\\/fralla.mx\\\/insights\\\/comunicado-no-16-junio-2024\\\/#primaryimage\"},\"thumbnailUrl\":\"https:\\\/\\\/fralla.mx\\\/insights\\\/wp-content\\\/uploads\\\/2024\\\/06\\\/Comunicado-16.jpeg\",\"articleSection\":[\"Comunicados\",\"Noticias Generales\"],\"inLanguage\":\"es\",\"potentialAction\":[{\"@type\":\"CommentAction\",\"name\":\"Comment\",\"target\":[\"https:\\\/\\\/fralla.mx\\\/insights\\\/comunicado-no-16-junio-2024\\\/#respond\"]}]},{\"@type\":\"WebPage\",\"@id\":\"https:\\\/\\\/fralla.mx\\\/insights\\\/comunicado-no-16-junio-2024\\\/\",\"url\":\"https:\\\/\\\/fralla.mx\\\/insights\\\/comunicado-no-16-junio-2024\\\/\",\"name\":\"Comunicado No 16 - Junio 2024 - FRALLA\",\"isPartOf\":{\"@id\":\"https:\\\/\\\/fralla.mx\\\/insights\\\/#website\"},\"primaryImageOfPage\":{\"@id\":\"https:\\\/\\\/fralla.mx\\\/insights\\\/comunicado-no-16-junio-2024\\\/#primaryimage\"},\"image\":{\"@id\":\"https:\\\/\\\/fralla.mx\\\/insights\\\/comunicado-no-16-junio-2024\\\/#primaryimage\"},\"thumbnailUrl\":\"https:\\\/\\\/fralla.mx\\\/insights\\\/wp-content\\\/uploads\\\/2024\\\/06\\\/Comunicado-16.jpeg\",\"datePublished\":\"2024-06-28T12:22:01+00:00\",\"dateModified\":\"2024-06-28T12:23:35+00:00\",\"breadcrumb\":{\"@id\":\"https:\\\/\\\/fralla.mx\\\/insights\\\/comunicado-no-16-junio-2024\\\/#breadcrumb\"},\"inLanguage\":\"es\",\"potentialAction\":[{\"@type\":\"ReadAction\",\"target\":[\"https:\\\/\\\/fralla.mx\\\/insights\\\/comunicado-no-16-junio-2024\\\/\"]}]},{\"@type\":\"ImageObject\",\"inLanguage\":\"es\",\"@id\":\"https:\\\/\\\/fralla.mx\\\/insights\\\/comunicado-no-16-junio-2024\\\/#primaryimage\",\"url\":\"https:\\\/\\\/fralla.mx\\\/insights\\\/wp-content\\\/uploads\\\/2024\\\/06\\\/Comunicado-16.jpeg\",\"contentUrl\":\"https:\\\/\\\/fralla.mx\\\/insights\\\/wp-content\\\/uploads\\\/2024\\\/06\\\/Comunicado-16.jpeg\",\"width\":1201,\"height\":676},{\"@type\":\"BreadcrumbList\",\"@id\":\"https:\\\/\\\/fralla.mx\\\/insights\\\/comunicado-no-16-junio-2024\\\/#breadcrumb\",\"itemListElement\":[{\"@type\":\"ListItem\",\"position\":1,\"name\":\"Portada\",\"item\":\"https:\\\/\\\/fralla.mx\\\/insights\\\/\"},{\"@type\":\"ListItem\",\"position\":2,\"name\":\"Comunicado No 16 &#8211; Junio 2024\"}]},{\"@type\":\"WebSite\",\"@id\":\"https:\\\/\\\/fralla.mx\\\/insights\\\/#website\",\"url\":\"https:\\\/\\\/fralla.mx\\\/insights\\\/\",\"name\":\"FRALLA\",\"description\":\"Servicios de asesor\u00eda y consultor\u00eda fiscal de alto nivel\",\"publisher\":{\"@id\":\"https:\\\/\\\/fralla.mx\\\/insights\\\/#organization\"},\"potentialAction\":[{\"@type\":\"SearchAction\",\"target\":{\"@type\":\"EntryPoint\",\"urlTemplate\":\"https:\\\/\\\/fralla.mx\\\/insights\\\/?s={search_term_string}\"},\"query-input\":{\"@type\":\"PropertyValueSpecification\",\"valueRequired\":true,\"valueName\":\"search_term_string\"}}],\"inLanguage\":\"es\"},{\"@type\":\"Organization\",\"@id\":\"https:\\\/\\\/fralla.mx\\\/insights\\\/#organization\",\"name\":\"FRALLA - Asesores de Negocios\",\"url\":\"https:\\\/\\\/fralla.mx\\\/insights\\\/\",\"logo\":{\"@type\":\"ImageObject\",\"inLanguage\":\"es\",\"@id\":\"https:\\\/\\\/fralla.mx\\\/insights\\\/#\\\/schema\\\/logo\\\/image\\\/\",\"url\":\"https:\\\/\\\/fralla.mx\\\/wp-content\\\/uploads\\\/2020\\\/10\\\/fralla_logo-1.png\",\"contentUrl\":\"https:\\\/\\\/fralla.mx\\\/wp-content\\\/uploads\\\/2020\\\/10\\\/fralla_logo-1.png\",\"width\":180,\"height\":35,\"caption\":\"FRALLA - Asesores de Negocios\"},\"image\":{\"@id\":\"https:\\\/\\\/fralla.mx\\\/insights\\\/#\\\/schema\\\/logo\\\/image\\\/\"}},{\"@type\":\"Person\",\"@id\":\"https:\\\/\\\/fralla.mx\\\/insights\\\/#\\\/schema\\\/person\\\/5fe295863ccb6383811ed46a67d3470b\",\"name\":\"Juan Carlos\",\"image\":{\"@type\":\"ImageObject\",\"inLanguage\":\"es\",\"@id\":\"https:\\\/\\\/secure.gravatar.com\\\/avatar\\\/72417771cda6d884945b37d537597265fdf0ef94829dbb66ac97e9776846f5f2?s=96&r=g\",\"url\":\"https:\\\/\\\/secure.gravatar.com\\\/avatar\\\/72417771cda6d884945b37d537597265fdf0ef94829dbb66ac97e9776846f5f2?s=96&r=g\",\"contentUrl\":\"https:\\\/\\\/secure.gravatar.com\\\/avatar\\\/72417771cda6d884945b37d537597265fdf0ef94829dbb66ac97e9776846f5f2?s=96&r=g\",\"caption\":\"Juan Carlos\"},\"sameAs\":[\"http:\\\/\\\/fralla.mx\"]}]}<\/script>\n<!-- \/ Yoast SEO plugin. -->","yoast_head_json":{"title":"Comunicado No 16 - Junio 2024 - FRALLA","robots":{"index":"index","follow":"follow","max-snippet":"max-snippet:-1","max-image-preview":"max-image-preview:large","max-video-preview":"max-video-preview:-1"},"canonical":"https:\/\/fralla.mx\/insights\/comunicado-no-16-junio-2024\/","og_locale":"es_ES","og_type":"article","og_title":"Comunicado No 16 - Junio 2024 - FRALLA","og_description":"Primer Periodo General de Vacaciones PRODECON 2024","og_url":"https:\/\/fralla.mx\/insights\/comunicado-no-16-junio-2024\/","og_site_name":"FRALLA","article_published_time":"2024-06-28T12:22:01+00:00","article_modified_time":"2024-06-28T12:23:35+00:00","og_image":[{"width":1201,"height":676,"url":"https:\/\/fralla.mx\/insights\/wp-content\/uploads\/2024\/06\/Comunicado-16.jpeg","type":"image\/jpeg"}],"author":"Juan Carlos","twitter_card":"summary_large_image","twitter_misc":{"Escrito por":"Juan Carlos","Tiempo de lectura":"1 minuto"},"schema":{"@context":"https:\/\/schema.org","@graph":[{"@type":"Article","@id":"https:\/\/fralla.mx\/insights\/comunicado-no-16-junio-2024\/#article","isPartOf":{"@id":"https:\/\/fralla.mx\/insights\/comunicado-no-16-junio-2024\/"},"author":{"name":"Juan Carlos","@id":"https:\/\/fralla.mx\/insights\/#\/schema\/person\/5fe295863ccb6383811ed46a67d3470b"},"headline":"Comunicado No 16 &#8211; Junio 2024","datePublished":"2024-06-28T12:22:01+00:00","dateModified":"2024-06-28T12:23:35+00:00","mainEntityOfPage":{"@id":"https:\/\/fralla.mx\/insights\/comunicado-no-16-junio-2024\/"},"wordCount":106,"commentCount":0,"publisher":{"@id":"https:\/\/fralla.mx\/insights\/#organization"},"image":{"@id":"https:\/\/fralla.mx\/insights\/comunicado-no-16-junio-2024\/#primaryimage"},"thumbnailUrl":"https:\/\/fralla.mx\/insights\/wp-content\/uploads\/2024\/06\/Comunicado-16.jpeg","articleSection":["Comunicados","Noticias Generales"],"inLanguage":"es","potentialAction":[{"@type":"CommentAction","name":"Comment","target":["https:\/\/fralla.mx\/insights\/comunicado-no-16-junio-2024\/#respond"]}]},{"@type":"WebPage","@id":"https:\/\/fralla.mx\/insights\/comunicado-no-16-junio-2024\/","url":"https:\/\/fralla.mx\/insights\/comunicado-no-16-junio-2024\/","name":"Comunicado No 16 - Junio 2024 - FRALLA","isPartOf":{"@id":"https:\/\/fralla.mx\/insights\/#website"},"primaryImageOfPage":{"@id":"https:\/\/fralla.mx\/insights\/comunicado-no-16-junio-2024\/#primaryimage"},"image":{"@id":"https:\/\/fralla.mx\/insights\/comunicado-no-16-junio-2024\/#primaryimage"},"thumbnailUrl":"https:\/\/fralla.mx\/insights\/wp-content\/uploads\/2024\/06\/Comunicado-16.jpeg","datePublished":"2024-06-28T12:22:01+00:00","dateModified":"2024-06-28T12:23:35+00:00","breadcrumb":{"@id":"https:\/\/fralla.mx\/insights\/comunicado-no-16-junio-2024\/#breadcrumb"},"inLanguage":"es","potentialAction":[{"@type":"ReadAction","target":["https:\/\/fralla.mx\/insights\/comunicado-no-16-junio-2024\/"]}]},{"@type":"ImageObject","inLanguage":"es","@id":"https:\/\/fralla.mx\/insights\/comunicado-no-16-junio-2024\/#primaryimage","url":"https:\/\/fralla.mx\/insights\/wp-content\/uploads\/2024\/06\/Comunicado-16.jpeg","contentUrl":"https:\/\/fralla.mx\/insights\/wp-content\/uploads\/2024\/06\/Comunicado-16.jpeg","width":1201,"height":676},{"@type":"BreadcrumbList","@id":"https:\/\/fralla.mx\/insights\/comunicado-no-16-junio-2024\/#breadcrumb","itemListElement":[{"@type":"ListItem","position":1,"name":"Portada","item":"https:\/\/fralla.mx\/insights\/"},{"@type":"ListItem","position":2,"name":"Comunicado No 16 &#8211; Junio 2024"}]},{"@type":"WebSite","@id":"https:\/\/fralla.mx\/insights\/#website","url":"https:\/\/fralla.mx\/insights\/","name":"FRALLA","description":"Servicios de asesor\u00eda y consultor\u00eda fiscal de alto nivel","publisher":{"@id":"https:\/\/fralla.mx\/insights\/#organization"},"potentialAction":[{"@type":"SearchAction","target":{"@type":"EntryPoint","urlTemplate":"https:\/\/fralla.mx\/insights\/?s={search_term_string}"},"query-input":{"@type":"PropertyValueSpecification","valueRequired":true,"valueName":"search_term_string"}}],"inLanguage":"es"},{"@type":"Organization","@id":"https:\/\/fralla.mx\/insights\/#organization","name":"FRALLA - Asesores de Negocios","url":"https:\/\/fralla.mx\/insights\/","logo":{"@type":"ImageObject","inLanguage":"es","@id":"https:\/\/fralla.mx\/insights\/#\/schema\/logo\/image\/","url":"https:\/\/fralla.mx\/wp-content\/uploads\/2020\/10\/fralla_logo-1.png","contentUrl":"https:\/\/fralla.mx\/wp-content\/uploads\/2020\/10\/fralla_logo-1.png","width":180,"height":35,"caption":"FRALLA - Asesores de Negocios"},"image":{"@id":"https:\/\/fralla.mx\/insights\/#\/schema\/logo\/image\/"}},{"@type":"Person","@id":"https:\/\/fralla.mx\/insights\/#\/schema\/person\/5fe295863ccb6383811ed46a67d3470b","name":"Juan Carlos","image":{"@type":"ImageObject","inLanguage":"es","@id":"https:\/\/secure.gravatar.com\/avatar\/72417771cda6d884945b37d537597265fdf0ef94829dbb66ac97e9776846f5f2?s=96&r=g","url":"https:\/\/secure.gravatar.com\/avatar\/72417771cda6d884945b37d537597265fdf0ef94829dbb66ac97e9776846f5f2?s=96&r=g","contentUrl":"https:\/\/secure.gravatar.com\/avatar\/72417771cda6d884945b37d537597265fdf0ef94829dbb66ac97e9776846f5f2?s=96&r=g","caption":"Juan Carlos"},"sameAs":["http:\/\/fralla.mx"]}]}},"_links":{"self":[{"href":"https:\/\/fralla.mx\/insights\/wp-json\/wp\/v2\/posts\/7644","targetHints":{"allow":["GET"]}}],"collection":[{"href":"https:\/\/fralla.mx\/insights\/wp-json\/wp\/v2\/posts"}],"about":[{"href":"https:\/\/fralla.mx\/insights\/wp-json\/wp\/v2\/types\/post"}],"author":[{"embeddable":true,"href":"https:\/\/fralla.mx\/insights\/wp-json\/wp\/v2\/users\/1"}],"replies":[{"embeddable":true,"href":"https:\/\/fralla.mx\/insights\/wp-json\/wp\/v2\/comments?post=7644"}],"version-history":[{"count":4,"href":"https:\/\/fralla.mx\/insights\/wp-json\/wp\/v2\/posts\/7644\/revisions"}],"predecessor-version":[{"id":7650,"href":"https:\/\/fralla.mx\/insights\/wp-json\/wp\/v2\/posts\/7644\/revisions\/7650"}],"wp:featuredmedia":[{"embeddable":true,"href":"https:\/\/fralla.mx\/insights\/wp-json\/wp\/v2\/media\/7645"}],"wp:attachment":[{"href":"https:\/\/fralla.mx\/insights\/wp-json\/wp\/v2\/media?parent=7644"}],"wp:term":[{"taxonomy":"category","embeddable":true,"href":"https:\/\/fralla.mx\/insights\/wp-json\/wp\/v2\/categories?post=7644"},{"taxonomy":"post_tag","embeddable":true,"href":"https:\/\/fralla.mx\/insights\/wp-json\/wp\/v2\/tags?post=7644"}],"curies":[{"name":"wp","href":"https:\/\/api.w.org\/{rel}","templated":true}]}}