{"id":5992,"date":"2022-03-15T19:21:00","date_gmt":"2022-03-16T01:21:00","guid":{"rendered":"https:\/\/fralla.mx\/?p=5992"},"modified":"2022-03-15T19:48:19","modified_gmt":"2022-03-16T01:48:19","slug":"flash-fiscal-no-7-marzo-2022","status":"publish","type":"post","link":"https:\/\/fralla.mx\/insights\/flash-fiscal-no-7-marzo-2022\/","title":{"rendered":"Flash Fiscal No 7 &#8211; Marzo 2022"},"content":{"rendered":"\t\t<div data-elementor-type=\"wp-post\" data-elementor-id=\"5992\" class=\"elementor elementor-5992\" data-elementor-post-type=\"post\">\n\t\t\t\t\t\t<section class=\"elementor-section elementor-top-section elementor-element elementor-element-6443bdcc elementor-section-boxed elementor-section-height-default elementor-section-height-default\" data-id=\"6443bdcc\" data-element_type=\"section\" data-e-type=\"section\">\n\t\t\t\t\t\t<div class=\"elementor-container elementor-column-gap-default\">\n\t\t\t\t\t<div class=\"elementor-column elementor-col-100 elementor-top-column elementor-element elementor-element-60b1ca2b\" data-id=\"60b1ca2b\" data-element_type=\"column\" data-e-type=\"column\">\n\t\t\t<div class=\"elementor-widget-wrap elementor-element-populated\">\n\t\t\t\t\t\t<div class=\"elementor-element elementor-element-2c3132da elementor-widget elementor-widget-text-editor\" data-id=\"2c3132da\" data-element_type=\"widget\" data-e-type=\"widget\" data-widget_type=\"text-editor.default\">\n\t\t\t\t<div class=\"elementor-widget-container\">\n\t\t\t\t\t\t\t\t\t\t\t\t\t\t\t\t\t<\/div>\n\t\t\t\t<\/div>\n\t\t\t\t\t<\/div>\n\t\t<\/div>\n\t\t\t\t\t<\/div>\n\t\t<\/section>\n\t\t\t\t<section class=\"elementor-section elementor-top-section elementor-element elementor-element-cf62fc6 elementor-section-height-min-height elementor-section-items-top elementor-section-boxed elementor-section-height-default\" data-id=\"cf62fc6\" data-element_type=\"section\" data-e-type=\"section\" data-settings=\"{&quot;background_background&quot;:&quot;gradient&quot;,&quot;shape_divider_bottom&quot;:&quot;waves&quot;}\">\n\t\t\t\t\t\t\t<div class=\"elementor-background-overlay\"><\/div>\n\t\t\t\t\t\t<div class=\"elementor-shape elementor-shape-bottom\" aria-hidden=\"true\" data-negative=\"false\">\n\t\t\t<svg xmlns=\"http:\/\/www.w3.org\/2000\/svg\" viewBox=\"0 0 1000 100\" preserveAspectRatio=\"none\">\n\t<path class=\"elementor-shape-fill\" d=\"M421.9,6.5c22.6-2.5,51.5,0.4,75.5,5.3c23.6,4.9,70.9,23.5,100.5,35.7c75.8,32.2,133.7,44.5,192.6,49.7\n\tc23.6,2.1,48.7,3.5,103.4-2.5c54.7-6,106.2-25.6,106.2-25.6V0H0v30.3c0,0,72,32.6,158.4,30.5c39.2-0.7,92.8-6.7,134-22.4\n\tc21.2-8.1,52.2-18.2,79.7-24.2C399.3,7.9,411.6,7.5,421.9,6.5z\"\/>\n<\/svg>\t\t<\/div>\n\t\t\t\t\t<div class=\"elementor-container elementor-column-gap-default\">\n\t\t\t\t\t<div class=\"elementor-column elementor-col-100 elementor-top-column elementor-element elementor-element-59a4e0ac\" data-id=\"59a4e0ac\" data-element_type=\"column\" data-e-type=\"column\">\n\t\t\t<div class=\"elementor-widget-wrap elementor-element-populated\">\n\t\t\t\t\t\t<div class=\"elementor-element elementor-element-c982dfc elementor-widget elementor-widget-theme-post-title elementor-page-title elementor-widget-heading\" data-id=\"c982dfc\" data-element_type=\"widget\" data-e-type=\"widget\" data-widget_type=\"theme-post-title.default\">\n\t\t\t\t<div class=\"elementor-widget-container\">\n\t\t\t\t\t<h1 class=\"elementor-heading-title elementor-size-default\">Flash Fiscal No 7 &#8211; Marzo 2022<\/h1>\t\t\t\t<\/div>\n\t\t\t\t<\/div>\n\t\t\t\t\t<\/div>\n\t\t<\/div>\n\t\t\t\t\t<\/div>\n\t\t<\/section>\n\t\t\t\t<section class=\"elementor-section elementor-top-section elementor-element elementor-element-11b921ab elementor-section-boxed elementor-section-height-default elementor-section-height-default\" data-id=\"11b921ab\" data-element_type=\"section\" data-e-type=\"section\">\n\t\t\t\t\t\t<div class=\"elementor-container elementor-column-gap-default\">\n\t\t\t\t\t<div class=\"elementor-column elementor-col-100 elementor-top-column elementor-element elementor-element-70160f83\" data-id=\"70160f83\" data-element_type=\"column\" data-e-type=\"column\">\n\t\t\t<div class=\"elementor-widget-wrap elementor-element-populated\">\n\t\t\t\t\t\t<div class=\"elementor-element elementor-element-d459fc3 elementor-widget elementor-widget-theme-post-featured-image elementor-widget-image\" data-id=\"d459fc3\" data-element_type=\"widget\" data-e-type=\"widget\" data-widget_type=\"theme-post-featured-image.default\">\n\t\t\t\t<div class=\"elementor-widget-container\">\n\t\t\t\t\t\t\t\t\t\t\t\t\t\t\t<img fetchpriority=\"high\" decoding=\"async\" width=\"1024\" height=\"683\" src=\"https:\/\/fralla.mx\/insights\/wp-content\/uploads\/2022\/03\/Flash-07-2022-1024x683.jpg\" class=\"attachment-large size-large wp-image-5993\" alt=\"\" srcset=\"https:\/\/fralla.mx\/insights\/wp-content\/uploads\/2022\/03\/Flash-07-2022-1024x683.jpg 1024w, https:\/\/fralla.mx\/insights\/wp-content\/uploads\/2022\/03\/Flash-07-2022-768x512.jpg 768w, https:\/\/fralla.mx\/insights\/wp-content\/uploads\/2022\/03\/Flash-07-2022.jpg 1200w\" sizes=\"(max-width: 1024px) 100vw, 1024px\" \/>\t\t\t\t\t\t\t\t\t\t\t\t\t\t\t<\/div>\n\t\t\t\t<\/div>\n\t\t\t\t<div class=\"elementor-element elementor-element-13067a56 elementor-widget elementor-widget-spacer\" data-id=\"13067a56\" data-element_type=\"widget\" data-e-type=\"widget\" data-widget_type=\"spacer.default\">\n\t\t\t\t<div class=\"elementor-widget-container\">\n\t\t\t\t\t\t\t<div class=\"elementor-spacer\">\n\t\t\t<div class=\"elementor-spacer-inner\"><\/div>\n\t\t<\/div>\n\t\t\t\t\t\t<\/div>\n\t\t\t\t<\/div>\n\t\t\t\t<div class=\"elementor-element elementor-element-6f1f5db3 elementor-widget elementor-widget-theme-post-excerpt\" data-id=\"6f1f5db3\" data-element_type=\"widget\" data-e-type=\"widget\" data-widget_type=\"theme-post-excerpt.default\">\n\t\t\t\t<div class=\"elementor-widget-container\">\n\t\t\t\t\tCierre Fiscal 2021 y Temas Importantes 2022\t\t\t\t<\/div>\n\t\t\t\t<\/div>\n\t\t\t\t<div class=\"elementor-element elementor-element-d8b619c elementor-widget elementor-widget-spacer\" data-id=\"d8b619c\" data-element_type=\"widget\" data-e-type=\"widget\" data-widget_type=\"spacer.default\">\n\t\t\t\t<div class=\"elementor-widget-container\">\n\t\t\t\t\t\t\t<div class=\"elementor-spacer\">\n\t\t\t<div class=\"elementor-spacer-inner\"><\/div>\n\t\t<\/div>\n\t\t\t\t\t\t<\/div>\n\t\t\t\t<\/div>\n\t\t\t\t<div class=\"elementor-element elementor-element-3c4f54a elementor-widget elementor-widget-text-editor\" data-id=\"3c4f54a\" data-element_type=\"widget\" data-e-type=\"widget\" data-widget_type=\"text-editor.default\">\n\t\t\t\t<div class=\"elementor-widget-container\">\n\t\t\t\t\t\t\t\t\t<p style=\"text-align: justify;\">Derivado de las reformas a la legislaci\u00f3n fiscal tanto del ejercicio 2021 como del ejercicio 2022, consideramos relevante tener en cuenta lo siguiente para la presentaci\u00f3n de la declaraci\u00f3n anual de ISR de 2021, as\u00ed como algunos puntos de inter\u00e9s para 2022.<\/p>\n<p>\u00a0<\/p>\n<p style=\"text-align: justify;\"><strong style=\"font-size: 16px;\">I. Determinaci\u00f3n ISR 2021 \u2013 PTU<\/strong><\/p>\n<p style=\"text-align: justify;\"><strong>\u00a0 \u00a0 \u00a0 \u00a0 \u00a0 a) <\/strong><strong style=\"font-size: 16px;\">Cierre anual de 2021<\/strong><\/p>\n<p style=\"text-align: justify;\"><em>En FRALLA estamos a sus \u00f3rdenes a fin de que podamos revisar en conjunto con sus equipos internos: <strong>i)<\/strong> la determinaci\u00f3n del resultado fiscal del ejercicio 2021, <strong>ii)<\/strong> los ingresos acumulables, <strong>iii)<\/strong> las deducciones autorizadas, <strong>iv)<\/strong> la determinaci\u00f3n de la PTU, <strong>v)<\/strong> el coeficiente de utilidad para los pagos provisionales de ISR para 2022 (en caso de no estar en el r\u00e9gimen de RESICO), <strong>vi)<\/strong> determinaci\u00f3n del ajuste anual por inflaci\u00f3n y las ganancias \/ p\u00e9rdidas cambiarias, o bien, <strong>vii)<\/strong> alguna otra operaci\u00f3n que pudieran tener un impacto en la determinaci\u00f3n y pago del ISR de 2021.<\/em><\/p>\n<p>\u00a0<\/p>\n<p style=\"text-align: justify;\"><strong>\u00a0 \u00a0 \u00a0 \u00a0 \u00a0 b) Subcontrataci\u00f3n &#8211; PTU<\/strong><\/p>\n<p style=\"text-align: justify;\">El 23 de abril de 2021 fue publicado en el DOF la reforma legal sobre el r\u00e9gimen de subcontrataci\u00f3n, cuyo alcance comprende aspectos laborales, de seguridad social y fiscales; las disposiciones fiscales entraron en vigor a partir del 1 de septiembre de 2021.<\/p>\n<p style=\"text-align: justify;\">Al respecto, como parte de los efectos de esta reforma, en grupos de sociedades existi\u00f3 sustituci\u00f3n patronal de trabajadores a fin de alocarlos en empresas de servicios especializados, por lo que este 2022 podr\u00edan recibir un pago at\u00edpico de <a href=\"https:\/\/www.eleconomista.com.mx\/empresas\/Principales-cambios-con-la-reforma-laboral-que-prohibe-el-outsourcing-20210407-0039.html\">la Participaci\u00f3n de los Trabajadores en las Utilidades (PTU) de las empresas<\/a>, existiendo innumerables dudas sobre la manera en la que se debe calcular el pago de PTU de 2021, ya que la reforma en comento se incluyeron l\u00edmites m\u00e1ximos de pago de la PTU (tres meses del salario o el promedio de la PTU recibida en los \u00faltimos tres a\u00f1os, tomando en cuenta el monto que resulte m\u00e1s favorable para cada trabajador).<\/p>\n<p style=\"text-align: justify;\"><em>En FRALLA estar\u00edamos en posibilidad de revisar el procedimiento interno y criterios que est\u00e9n tomando nuestros clientes para esclarecer el c\u00e1lculo de la PTU que se debe pagar en 2022.<\/em><\/p>\n<p><strong>\u00a0 \u00a0 \u00a0 \u00a0 \u00a0 <\/strong><\/p>\n<p><strong>\u00a0 \u00a0 \u00a0 \u00a0 \u00a0 c)Limitante a la deducci\u00f3n de intereses<\/strong><\/p>\n<p style=\"text-align: justify;\">Como hemos mencionado en diversos comunicados, como parte de la reforma a la legislaci\u00f3n fiscal en 2020 se incluy\u00f3 una limitante a la deducci\u00f3n de intereses que excedan del 30% de la utilidad fiscal ajustada. Dicha restricci\u00f3n es aplicable a los grupos o partes relacionadas cuyos intereses devengados a su cargo excedan de $20,000,000. Asimismo, como parte de dicha limitante se establece que los intereses no deducibles determinados en un ejercicio podr\u00e1n ser deducidos en los 10 ejercicios siguientes hasta agotarse y para lo cual se deber\u00e1n adicionar a los intereses netos del ejercicio siguiente.<\/p>\n<p style=\"text-align: justify;\"><em>Para la presentaci\u00f3n de la declaraci\u00f3n anual de ISR de 2021 ser\u00e1 la primera vez en que se determinar\u00e1 si algunos de los intereses no deducibles calculados por el ejercicio 2020 podr\u00e1n deducirse en el ejercicio 2021 por lo que en FRALLA nos ponemos a su disposici\u00f3n con objeto de <strong>apoyarlos en la determinaci\u00f3n de los intereses no deducibles del ejercicio 2021, revisar si existe posibilidad, conforme al c\u00e1lculo realizado de deducir intereses que en el ejercicio 2020 hab\u00edan sido determinados como no deducibles, as\u00ed como los efectos en el ajuste anual por inflaci\u00f3n.<\/strong><\/em><\/p>\n<p style=\"text-align: justify;\">\u00a0<\/p>\n<p><strong>\u00a0 \u00a0 \u00a0 \u00a0 \u00a0 d) Ganancia cambiaria<\/strong><\/p>\n<p style=\"text-align: justify;\">Como parte de la reforma a la legislaci\u00f3n fiscal para 2022 se estableci\u00f3 que, para efectos del impuesto sobre la renta, la ganancia cambiaria no podr\u00e1 ser menor de la que resultar\u00eda de considerar el tipo de cambio para solventar obligaciones publicado en el Diario Oficial de la Federaci\u00f3n.<\/p>\n<p style=\"text-align: justify;\"><em>Al respecto, si bien dicha disposici\u00f3n entr\u00f3 en vigor a partir de 2022, consideramos relevante comenzar a revisar la determinaci\u00f3n de los efectos cambiarios a fin de estimar el efecto que para el ejercicio 2022 podr\u00eda tenerse en virtud de esta nueva disposici\u00f3n.<\/em><\/p>\n<p>\u00a0<\/p>\n<p><strong>II. Comprobantes fiscales<\/strong><\/p>\n<p style=\"text-align: justify;\">Como parte de las reformas a las disposiciones fiscales para 2022 se incorporaron los siguientes temas en materia de comprobantes fiscales digitales:<\/p>\n<p>\u00a0<\/p>\n<p><strong>\u00a0 \u00a0 \u00a0 \u00a0 \u00a0 a) Comprobantes por devoluciones, descuentos o bonificaciones.<\/strong><\/p>\n<p style=\"text-align: justify;\">Se adicion\u00f3 una disposici\u00f3n que establece que en el caso de comprobantes que amparen egresos sin contar con la justificaci\u00f3n y soporte documental que acredite las devoluciones, descuentos o bonificaciones ante las autoridades fiscales, <strong><u>dichos comprobantes no podr\u00e1n disminuirse de los comprobantes fiscales de ingresos<\/u><\/strong> del contribuyente, situaci\u00f3n que podr\u00e1 ser verificada por las autoridades fiscales en el ejercicio de sus facultades de comprobaci\u00f3n.<\/p>\n<p style=\"text-align: justify;\">\u00a0<\/p>\n<p><strong>\u00a0 \u00a0 \u00a0 \u00a0 \u00a0 b) Cancelaci\u00f3n de comprobantes fiscales<\/strong><\/p>\n<p style=\"text-align: justify;\">De igual forma, se estableci\u00f3 que los comprobantes fiscales solo podr\u00e1n cancelarse en el ejercicio en que se expidan y siempre que la persona a favor de quien se expidan acepte su cancelaci\u00f3n, debiendo justificar en tal caso y soportar documentalmente el motivo de la cancelaci\u00f3n, la cual podr\u00e1 ser verificada por las autoridades fiscales. Igualmente, se adicionaron como parte de las infracciones relacionadas con diversas obligaciones, el no cancelar los comprobantes fiscales de ingresos cuando dichos comprobantes se hayan emitido por error o sin causa para ello o cancelarlos fuera del plazo antes mencionado.<\/p>\n<p style=\"text-align: justify;\">No obstante, mediante disposiciones de car\u00e1cter general se estableci\u00f3 que la cancelaci\u00f3n de comprobantes fiscales digitales por internet podr\u00e1 efectuase a m\u00e1s tardar en el mes en el cual se deba presentar la declaraci\u00f3n anual del ISR correspondiente al ejercicio fiscal en el cual se expidi\u00f3 el citado comprobante.<\/p>\n<p style=\"text-align: justify;\">\u00a0<\/p>\n<p><strong>\u00a0 \u00a0 \u00a0 \u00a0 \u00a0 c) Requisitos formales de comprobantes fiscales<\/strong><\/p>\n<p style=\"text-align: justify;\">Asimismo, se estableci\u00f3 que los comprobantes fiscales deber\u00e1n contar, adem\u00e1s de la clave del RFC del receptor, el nombre o raz\u00f3n social y el c\u00f3digo postal del domicilio fiscal del receptor y, adicionalmente, se deber\u00e1 indicar la clave del uso fiscal que le dar\u00e1 dicho receptor al comprobante fiscal.<\/p>\n<p style=\"text-align: justify;\"><em>En FRALLA estar\u00edamos en posibilidad de revisar el procedimiento interno respecto de la emisi\u00f3n de comprobantes fiscales tanto de ingresos como de egresos, as\u00ed como establecer las medidas necesarias a fin de confirmar que se est\u00e9 cumpliendo con las nuevas disposiciones al respecto y evitar molestias por parte de la autoridad fiscal o, en su caso, evitar que se ponga en riesgo la deducci\u00f3n de las operaciones realizadas.<\/em><\/p>\n<p style=\"text-align: justify;\">\u00a0<\/p>\n<p style=\"text-align: justify;\"><strong>III. Beneficiario controlador<\/strong><\/p>\n<p style=\"text-align: justify;\">De igual forma, dentro de las reformas a la legislaci\u00f3n fiscal para 2022 <strong>se incorpor\u00f3 la obligaci\u00f3n para personas morales<\/strong>, fiduciarias, fideicomitentes o fideicomisarios, as\u00ed como las partes contratantes o integrantes, en el caso de cualquier otra figura jur\u00eddica <strong>de obtener y conservar como parte de su contabilidad, y a proporcionar a las autoridades fiscales cuando as\u00ed lo requieran, la informaci\u00f3n fidedigna, completa y actualizada de sus beneficiarios controladores, en la forma y t\u00e9rminos que dichas autoridades se\u00f1alen mediante reglas de car\u00e1cter general.<\/strong><\/p>\n<p style=\"text-align: justify;\">Para tales efectos, <strong>se entiende por beneficiario controlador <\/strong>a la persona f\u00edsica o grupo de personas f\u00edsicas que en t\u00e9rminos generales directamente o por medio de otra u otras o de cualquier acto jur\u00eddico, <strong>obtienen el beneficio derivado de su participaci\u00f3n en una persona moral, un fideicomiso o cualquier otra figura jur\u00eddica o, en su caso, sean quienes ejerzan el control de dichas entidades<\/strong>.<\/p>\n<p style=\"text-align: justify;\"><em>En este sentido, en FRALLA nuestros servicios incluyen el apoyar a los equipos internos del \u00e1rea legal o de contabilidad a determinar la informaci\u00f3n que deber\u00e1 tenerse como parte de la contabilidad respecto de los beneficiarios controladores de las entidades, sociedades o fideicomisos, as\u00ed como a revisar que la documentaci\u00f3n e informaci\u00f3n que se tenga cuente con todos los requisitos necesarios en caso de que sea solicitada por las autoridades fiscales.<\/em><\/p>\n<p style=\"text-align: justify;\">Todo lo anterior, con el objeto de prever alguna contingencia y estar en posibilidad de tomar de forma oportuna decisiones que ayuden a nuestros clientes.<\/p>\n<p style=\"text-align: justify;\">\u00a0<\/p>\n<p style=\"text-align: justify;\"><strong>IV. Documentaci\u00f3n Soporte y Certificaci\u00f3n de Pasivos<\/strong><\/p>\n<p style=\"text-align: justify;\"><strong>\u00a0<\/strong>Dentro de la reforma a la legislaci\u00f3n fiscal vigente a partir del ejercicio 2021 se prev\u00e9 que las personas morales deber\u00e1n contar con la documentaci\u00f3n soporte de las Cuentas de Capital de Aportaci\u00f3n (CUCA) y la Cuenta de Utilidad Fiscal Neta (CUFIN), as\u00ed como de las actas de asamblea cuando involucren aportaciones en especie o capitalizaci\u00f3n de pasivos, reembolsos, entre otros. Dentro de dicha documentaci\u00f3n se incluyen estados de cuenta, aval\u00faos, contratos de pr\u00e9stamo, entre otros.<\/p>\n<p style=\"text-align: justify;\"><em>En FRALLA ayudamos a nuestros clientes en la revisi\u00f3n y emisi\u00f3n de nuestras recomendaciones para determinaci\u00f3n de las cuentas fiscales (CUCA y CUFIN) a efecto de revisar, confirmar y, en su caso, complementar la documentaci\u00f3n soporte con la que se deber\u00e1 contar para estos efectos.<\/em><\/p>\n<p style=\"text-align: justify;\"><em>Por lo que respecta a la capitalizaci\u00f3n de pasivos se incluy\u00f3 que deber\u00e1 contarse con una certificaci\u00f3n que avale la existencia contable del pasivo y el valor<\/em> correspondiente; tal certificaci\u00f3n deber\u00e1 emitirse por un Contador P\u00fablico Inscrito ante el SAT.<\/p>\n<p style=\"text-align: justify;\"><em>En FRALLA contamos con contadores p\u00fablicos registrados ante las autoridades fiscales que estar\u00edan en posibilidad de <strong>emitir la certificaci\u00f3n correspondiente por la capitalizaci\u00f3n de pasivos, as\u00ed como la dictaminaci\u00f3n de operaciones de compraventa de acciones<\/strong>.<\/em><\/p>\n<p style=\"text-align: justify;\">\u00a0<\/p>\n<p style=\"text-align: center;\">*\u00a0\u00a0\u00a0\u00a0\u00a0\u00a0\u00a0 \u00a0\u00a0\u00a0\u00a0\u00a0\u00a0\u00a0\u00a0 *\u00a0\u00a0\u00a0\u00a0\u00a0\u00a0\u00a0 \u00a0\u00a0\u00a0\u00a0\u00a0\u00a0\u00a0\u00a0 *\u00a0\u00a0\u00a0\u00a0\u00a0\u00a0\u00a0 \u00a0\u00a0\u00a0\u00a0\u00a0\u00a0\u00a0\u00a0 *<\/p>\n<p style=\"text-align: justify;\">Marzo de 2022<\/p>\n<p style=\"text-align: justify;\">Ciudad de M\u00e9xico, M\u00e9xico<\/p>\t\t\t\t\t\t\t\t<\/div>\n\t\t\t\t<\/div>\n\t\t\t\t<section class=\"elementor-section elementor-inner-section elementor-element elementor-element-5443505e elementor-section-boxed elementor-section-height-default elementor-section-height-default\" data-id=\"5443505e\" data-element_type=\"section\" data-e-type=\"section\">\n\t\t\t\t\t\t<div class=\"elementor-container elementor-column-gap-default\">\n\t\t\t\t\t<div class=\"elementor-column elementor-col-50 elementor-inner-column elementor-element elementor-element-1a2b741f\" data-id=\"1a2b741f\" data-element_type=\"column\" data-e-type=\"column\">\n\t\t\t<div class=\"elementor-widget-wrap elementor-element-populated\">\n\t\t\t\t\t\t<div class=\"elementor-element elementor-element-5d5247eb elementor-widget elementor-widget-heading\" data-id=\"5d5247eb\" data-element_type=\"widget\" data-e-type=\"widget\" data-widget_type=\"heading.default\">\n\t\t\t\t<div class=\"elementor-widget-container\">\n\t\t\t\t\t<h5 class=\"elementor-heading-title elementor-size-default\">Comparte esta noticia<\/h5>\t\t\t\t<\/div>\n\t\t\t\t<\/div>\n\t\t\t\t\t<\/div>\n\t\t<\/div>\n\t\t\t\t<div class=\"elementor-column elementor-col-50 elementor-inner-column elementor-element elementor-element-39097776\" data-id=\"39097776\" data-element_type=\"column\" data-e-type=\"column\">\n\t\t\t<div class=\"elementor-widget-wrap elementor-element-populated\">\n\t\t\t\t\t\t<div class=\"elementor-element elementor-element-199b668 elementor-share-buttons--view-icon elementor-share-buttons--skin-flat elementor-share-buttons--shape-circle elementor-grid-0 elementor-share-buttons--color-official elementor-widget elementor-widget-share-buttons\" data-id=\"199b668\" data-element_type=\"widget\" data-e-type=\"widget\" data-widget_type=\"share-buttons.default\">\n\t\t\t\t<div class=\"elementor-widget-container\">\n\t\t\t\t\t\t\t<div class=\"elementor-grid\" role=\"list\">\n\t\t\t\t\t\t\t\t<div class=\"elementor-grid-item\" role=\"listitem\">\n\t\t\t\t\t\t<div class=\"elementor-share-btn elementor-share-btn_whatsapp\" role=\"button\" tabindex=\"0\" aria-label=\"Compartir en whatsapp\">\n\t\t\t\t\t\t\t\t\t\t\t\t\t\t\t<span class=\"elementor-share-btn__icon\">\n\t\t\t\t\t\t\t\t<i class=\"fab fa-whatsapp\" aria-hidden=\"true\"><\/i>\t\t\t\t\t\t\t<\/span>\n\t\t\t\t\t\t\t\t\t\t\t\t\t\t\t\t\t\t\t\t<\/div>\n\t\t\t\t\t<\/div>\n\t\t\t\t\t\t\t\t\t<div class=\"elementor-grid-item\" role=\"listitem\">\n\t\t\t\t\t\t<div class=\"elementor-share-btn elementor-share-btn_facebook\" role=\"button\" tabindex=\"0\" aria-label=\"Compartir en facebook\">\n\t\t\t\t\t\t\t\t\t\t\t\t\t\t\t<span class=\"elementor-share-btn__icon\">\n\t\t\t\t\t\t\t\t<i class=\"fab fa-facebook\" aria-hidden=\"true\"><\/i>\t\t\t\t\t\t\t<\/span>\n\t\t\t\t\t\t\t\t\t\t\t\t\t\t\t\t\t\t\t\t<\/div>\n\t\t\t\t\t<\/div>\n\t\t\t\t\t\t\t\t\t<div class=\"elementor-grid-item\" role=\"listitem\">\n\t\t\t\t\t\t<div class=\"elementor-share-btn elementor-share-btn_twitter\" role=\"button\" tabindex=\"0\" aria-label=\"Compartir en twitter\">\n\t\t\t\t\t\t\t\t\t\t\t\t\t\t\t<span class=\"elementor-share-btn__icon\">\n\t\t\t\t\t\t\t\t<i class=\"fab fa-twitter\" aria-hidden=\"true\"><\/i>\t\t\t\t\t\t\t<\/span>\n\t\t\t\t\t\t\t\t\t\t\t\t\t\t\t\t\t\t\t\t<\/div>\n\t\t\t\t\t<\/div>\n\t\t\t\t\t\t\t\t\t<div class=\"elementor-grid-item\" role=\"listitem\">\n\t\t\t\t\t\t<div class=\"elementor-share-btn elementor-share-btn_linkedin\" role=\"button\" tabindex=\"0\" aria-label=\"Compartir en linkedin\">\n\t\t\t\t\t\t\t\t\t\t\t\t\t\t\t<span class=\"elementor-share-btn__icon\">\n\t\t\t\t\t\t\t\t<i class=\"fab fa-linkedin\" aria-hidden=\"true\"><\/i>\t\t\t\t\t\t\t<\/span>\n\t\t\t\t\t\t\t\t\t\t\t\t\t\t\t\t\t\t\t\t<\/div>\n\t\t\t\t\t<\/div>\n\t\t\t\t\t\t\t\t\t<div class=\"elementor-grid-item\" role=\"listitem\">\n\t\t\t\t\t\t<div class=\"elementor-share-btn elementor-share-btn_email\" role=\"button\" tabindex=\"0\" aria-label=\"Compartir en email\">\n\t\t\t\t\t\t\t\t\t\t\t\t\t\t\t<span class=\"elementor-share-btn__icon\">\n\t\t\t\t\t\t\t\t<i class=\"fas fa-envelope\" aria-hidden=\"true\"><\/i>\t\t\t\t\t\t\t<\/span>\n\t\t\t\t\t\t\t\t\t\t\t\t\t\t\t\t\t\t\t\t<\/div>\n\t\t\t\t\t<\/div>\n\t\t\t\t\t\t<\/div>\n\t\t\t\t\t\t<\/div>\n\t\t\t\t<\/div>\n\t\t\t\t\t<\/div>\n\t\t<\/div>\n\t\t\t\t\t<\/div>\n\t\t<\/section>\n\t\t\t\t<div class=\"elementor-element elementor-element-23b29a22 elementor-widget elementor-widget-spacer\" data-id=\"23b29a22\" data-element_type=\"widget\" data-e-type=\"widget\" data-widget_type=\"spacer.default\">\n\t\t\t\t<div class=\"elementor-widget-container\">\n\t\t\t\t\t\t\t<div class=\"elementor-spacer\">\n\t\t\t<div class=\"elementor-spacer-inner\"><\/div>\n\t\t<\/div>\n\t\t\t\t\t\t<\/div>\n\t\t\t\t<\/div>\n\t\t\t\t<div class=\"elementor-element elementor-element-5d0a01a2 elementor-post-navigation-borders-yes elementor-widget elementor-widget-post-navigation\" data-id=\"5d0a01a2\" data-element_type=\"widget\" data-e-type=\"widget\" data-widget_type=\"post-navigation.default\">\n\t\t\t\t<div class=\"elementor-widget-container\">\n\t\t\t\t\t\t\t<div class=\"elementor-post-navigation\" role=\"navigation\" aria-label=\"Navegaci\u00f3n de la entrada\">\n\t\t\t<div class=\"elementor-post-navigation__prev elementor-post-navigation__link\">\n\t\t\t\t<a href=\"https:\/\/fralla.mx\/insights\/flash-fiscal-no-6-2022\/\" rel=\"prev\"><span class=\"post-navigation__arrow-wrapper post-navigation__arrow-prev\"><i aria-hidden=\"true\" class=\"fas fa-angle-double-left\"><\/i><span class=\"elementor-screen-only\">Ant<\/span><\/span><span class=\"elementor-post-navigation__link__prev\"><span class=\"post-navigation__prev--label\">Noticia Anterior<\/span><\/span><\/a>\t\t\t<\/div>\n\t\t\t\t\t\t\t<div class=\"elementor-post-navigation__separator-wrapper\">\n\t\t\t\t\t<div class=\"elementor-post-navigation__separator\"><\/div>\n\t\t\t\t<\/div>\n\t\t\t\t\t\t<div class=\"elementor-post-navigation__next elementor-post-navigation__link\">\n\t\t\t\t<a href=\"https:\/\/fralla.mx\/insights\/en\/tax-news-no-3-february-2022\/\" rel=\"next\"><span class=\"elementor-post-navigation__link__next\"><span class=\"post-navigation__next--label\">Noticia Siguiente<\/span><\/span><span class=\"post-navigation__arrow-wrapper post-navigation__arrow-next\"><i aria-hidden=\"true\" class=\"fas fa-angle-double-right\"><\/i><span class=\"elementor-screen-only\">Siguiente<\/span><\/span><\/a>\t\t\t<\/div>\n\t\t<\/div>\n\t\t\t\t\t\t<\/div>\n\t\t\t\t<\/div>\n\t\t\t\t\t<\/div>\n\t\t<\/div>\n\t\t\t\t\t<\/div>\n\t\t<\/section>\n\t\t\t\t<\/div>\n\t\t","protected":false},"excerpt":{"rendered":"<p>Cierre Fiscal 2021 y Temas Importantes 2022<\/p>\n","protected":false},"author":1,"featured_media":5993,"comment_status":"open","ping_status":"closed","sticky":false,"template":"","format":"image","meta":{"site-sidebar-layout":"default","site-content-layout":"","ast-site-content-layout":"default","site-content-style":"default","site-sidebar-style":"default","ast-global-header-display":"","ast-banner-title-visibility":"","ast-main-header-display":"","ast-hfb-above-header-display":"","ast-hfb-below-header-display":"","ast-hfb-mobile-header-display":"","site-post-title":"","ast-breadcrumbs-content":"","ast-featured-img":"","footer-sml-layout":"","ast-disable-related-posts":"","theme-transparent-header-meta":"","adv-header-id-meta":"","stick-header-meta":"","header-above-stick-meta":"","header-main-stick-meta":"","header-below-stick-meta":"","astra-migrate-meta-layouts":"default","ast-page-background-enabled":"default","ast-page-background-meta":{"desktop":{"background-color":"","background-image":"","background-repeat":"repeat","background-position":"center center","background-size":"auto","background-attachment":"scroll","background-type":"","background-media":"","overlay-type":"","overlay-color":"","overlay-opacity":"","overlay-gradient":""},"tablet":{"background-color":"","background-image":"","background-repeat":"repeat","background-position":"center center","background-size":"auto","background-attachment":"scroll","background-type":"","background-media":"","overlay-type":"","overlay-color":"","overlay-opacity":"","overlay-gradient":""},"mobile":{"background-color":"","background-image":"","background-repeat":"repeat","background-position":"center center","background-size":"auto","background-attachment":"scroll","background-type":"","background-media":"","overlay-type":"","overlay-color":"","overlay-opacity":"","overlay-gradient":""}},"ast-content-background-meta":{"desktop":{"background-color":"var(--ast-global-color-5)","background-image":"","background-repeat":"repeat","background-position":"center center","background-size":"auto","background-attachment":"scroll","background-type":"","background-media":"","overlay-type":"","overlay-color":"","overlay-opacity":"","overlay-gradient":""},"tablet":{"background-color":"var(--ast-global-color-5)","background-image":"","background-repeat":"repeat","background-position":"center center","background-size":"auto","background-attachment":"scroll","background-type":"","background-media":"","overlay-type":"","overlay-color":"","overlay-opacity":"","overlay-gradient":""},"mobile":{"background-color":"var(--ast-global-color-5)","background-image":"","background-repeat":"repeat","background-position":"center center","background-size":"auto","background-attachment":"scroll","background-type":"","background-media":"","overlay-type":"","overlay-color":"","overlay-opacity":"","overlay-gradient":""}},"footnotes":"","_members_access_role":[],"_members_access_error":""},"categories":[22,29],"tags":[],"class_list":["post-5992","post","type-post","status-publish","format-image","has-post-thumbnail","hentry","category-noticias-fiscales","category-noticias-generales","post_format-post-format-image"],"yoast_head":"<!-- This site is optimized with the Yoast SEO plugin v28.4 - https:\/\/yoast.com\/product\/yoast-seo-wordpress\/ -->\n<title>Flash Fiscal No 7 - Marzo 2022 - FRALLA<\/title>\n<meta name=\"robots\" content=\"index, follow, max-snippet:-1, max-image-preview:large, max-video-preview:-1\" \/>\n<link rel=\"canonical\" href=\"https:\/\/fralla.mx\/insights\/flash-fiscal-no-7-marzo-2022\/\" \/>\n<meta property=\"og:locale\" content=\"es_ES\" \/>\n<meta property=\"og:type\" content=\"article\" \/>\n<meta property=\"og:title\" content=\"Flash Fiscal No 7 - Marzo 2022 - FRALLA\" \/>\n<meta property=\"og:description\" content=\"Cierre Fiscal 2021 y Temas Importantes 2022\" \/>\n<meta property=\"og:url\" content=\"https:\/\/fralla.mx\/insights\/flash-fiscal-no-7-marzo-2022\/\" \/>\n<meta property=\"og:site_name\" content=\"FRALLA\" \/>\n<meta property=\"article:published_time\" content=\"2022-03-16T01:21:00+00:00\" \/>\n<meta property=\"article:modified_time\" content=\"2022-03-16T01:48:19+00:00\" \/>\n<meta property=\"og:image\" content=\"https:\/\/fralla.mx\/insights\/wp-content\/uploads\/2022\/03\/Flash-07-2022.jpg\" \/>\n\t<meta property=\"og:image:width\" content=\"1200\" \/>\n\t<meta property=\"og:image:height\" content=\"800\" \/>\n\t<meta property=\"og:image:type\" content=\"image\/jpeg\" \/>\n<meta name=\"author\" content=\"Juan Carlos\" \/>\n<meta name=\"twitter:card\" content=\"summary_large_image\" \/>\n<meta name=\"twitter:label1\" content=\"Escrito por\" \/>\n\t<meta name=\"twitter:data1\" content=\"Juan Carlos\" \/>\n\t<meta name=\"twitter:label2\" content=\"Tiempo de lectura\" \/>\n\t<meta name=\"twitter:data2\" content=\"8 minutos\" \/>\n<script type=\"application\/ld+json\" class=\"yoast-schema-graph\">{\"@context\":\"https:\\\/\\\/schema.org\",\"@graph\":[{\"@type\":\"Article\",\"@id\":\"https:\\\/\\\/fralla.mx\\\/insights\\\/flash-fiscal-no-7-marzo-2022\\\/#article\",\"isPartOf\":{\"@id\":\"https:\\\/\\\/fralla.mx\\\/insights\\\/flash-fiscal-no-7-marzo-2022\\\/\"},\"author\":{\"name\":\"Juan Carlos\",\"@id\":\"https:\\\/\\\/fralla.mx\\\/insights\\\/#\\\/schema\\\/person\\\/5fe295863ccb6383811ed46a67d3470b\"},\"headline\":\"Flash Fiscal No 7 &#8211; Marzo 2022\",\"datePublished\":\"2022-03-16T01:21:00+00:00\",\"dateModified\":\"2022-03-16T01:48:19+00:00\",\"mainEntityOfPage\":{\"@id\":\"https:\\\/\\\/fralla.mx\\\/insights\\\/flash-fiscal-no-7-marzo-2022\\\/\"},\"wordCount\":1552,\"commentCount\":0,\"publisher\":{\"@id\":\"https:\\\/\\\/fralla.mx\\\/insights\\\/#organization\"},\"image\":{\"@id\":\"https:\\\/\\\/fralla.mx\\\/insights\\\/flash-fiscal-no-7-marzo-2022\\\/#primaryimage\"},\"thumbnailUrl\":\"https:\\\/\\\/fralla.mx\\\/insights\\\/wp-content\\\/uploads\\\/2022\\\/03\\\/Flash-07-2022.jpg\",\"articleSection\":[\"Noticias Fiscales\",\"Noticias Generales\"],\"inLanguage\":\"es\",\"potentialAction\":[{\"@type\":\"CommentAction\",\"name\":\"Comment\",\"target\":[\"https:\\\/\\\/fralla.mx\\\/insights\\\/flash-fiscal-no-7-marzo-2022\\\/#respond\"]}]},{\"@type\":\"WebPage\",\"@id\":\"https:\\\/\\\/fralla.mx\\\/insights\\\/flash-fiscal-no-7-marzo-2022\\\/\",\"url\":\"https:\\\/\\\/fralla.mx\\\/insights\\\/flash-fiscal-no-7-marzo-2022\\\/\",\"name\":\"Flash Fiscal No 7 - Marzo 2022 - FRALLA\",\"isPartOf\":{\"@id\":\"https:\\\/\\\/fralla.mx\\\/insights\\\/#website\"},\"primaryImageOfPage\":{\"@id\":\"https:\\\/\\\/fralla.mx\\\/insights\\\/flash-fiscal-no-7-marzo-2022\\\/#primaryimage\"},\"image\":{\"@id\":\"https:\\\/\\\/fralla.mx\\\/insights\\\/flash-fiscal-no-7-marzo-2022\\\/#primaryimage\"},\"thumbnailUrl\":\"https:\\\/\\\/fralla.mx\\\/insights\\\/wp-content\\\/uploads\\\/2022\\\/03\\\/Flash-07-2022.jpg\",\"datePublished\":\"2022-03-16T01:21:00+00:00\",\"dateModified\":\"2022-03-16T01:48:19+00:00\",\"breadcrumb\":{\"@id\":\"https:\\\/\\\/fralla.mx\\\/insights\\\/flash-fiscal-no-7-marzo-2022\\\/#breadcrumb\"},\"inLanguage\":\"es\",\"potentialAction\":[{\"@type\":\"ReadAction\",\"target\":[\"https:\\\/\\\/fralla.mx\\\/insights\\\/flash-fiscal-no-7-marzo-2022\\\/\"]}]},{\"@type\":\"ImageObject\",\"inLanguage\":\"es\",\"@id\":\"https:\\\/\\\/fralla.mx\\\/insights\\\/flash-fiscal-no-7-marzo-2022\\\/#primaryimage\",\"url\":\"https:\\\/\\\/fralla.mx\\\/insights\\\/wp-content\\\/uploads\\\/2022\\\/03\\\/Flash-07-2022.jpg\",\"contentUrl\":\"https:\\\/\\\/fralla.mx\\\/insights\\\/wp-content\\\/uploads\\\/2022\\\/03\\\/Flash-07-2022.jpg\",\"width\":1200,\"height\":800},{\"@type\":\"BreadcrumbList\",\"@id\":\"https:\\\/\\\/fralla.mx\\\/insights\\\/flash-fiscal-no-7-marzo-2022\\\/#breadcrumb\",\"itemListElement\":[{\"@type\":\"ListItem\",\"position\":1,\"name\":\"Portada\",\"item\":\"https:\\\/\\\/fralla.mx\\\/insights\\\/\"},{\"@type\":\"ListItem\",\"position\":2,\"name\":\"Flash Fiscal No 7 &#8211; Marzo 2022\"}]},{\"@type\":\"WebSite\",\"@id\":\"https:\\\/\\\/fralla.mx\\\/insights\\\/#website\",\"url\":\"https:\\\/\\\/fralla.mx\\\/insights\\\/\",\"name\":\"FRALLA\",\"description\":\"Servicios de asesor\u00eda y consultor\u00eda fiscal de alto nivel\",\"publisher\":{\"@id\":\"https:\\\/\\\/fralla.mx\\\/insights\\\/#organization\"},\"potentialAction\":[{\"@type\":\"SearchAction\",\"target\":{\"@type\":\"EntryPoint\",\"urlTemplate\":\"https:\\\/\\\/fralla.mx\\\/insights\\\/?s={search_term_string}\"},\"query-input\":{\"@type\":\"PropertyValueSpecification\",\"valueRequired\":true,\"valueName\":\"search_term_string\"}}],\"inLanguage\":\"es\"},{\"@type\":\"Organization\",\"@id\":\"https:\\\/\\\/fralla.mx\\\/insights\\\/#organization\",\"name\":\"FRALLA - Asesores de Negocios\",\"url\":\"https:\\\/\\\/fralla.mx\\\/insights\\\/\",\"logo\":{\"@type\":\"ImageObject\",\"inLanguage\":\"es\",\"@id\":\"https:\\\/\\\/fralla.mx\\\/insights\\\/#\\\/schema\\\/logo\\\/image\\\/\",\"url\":\"https:\\\/\\\/fralla.mx\\\/wp-content\\\/uploads\\\/2020\\\/10\\\/fralla_logo-1.png\",\"contentUrl\":\"https:\\\/\\\/fralla.mx\\\/wp-content\\\/uploads\\\/2020\\\/10\\\/fralla_logo-1.png\",\"width\":180,\"height\":35,\"caption\":\"FRALLA - Asesores de Negocios\"},\"image\":{\"@id\":\"https:\\\/\\\/fralla.mx\\\/insights\\\/#\\\/schema\\\/logo\\\/image\\\/\"}},{\"@type\":\"Person\",\"@id\":\"https:\\\/\\\/fralla.mx\\\/insights\\\/#\\\/schema\\\/person\\\/5fe295863ccb6383811ed46a67d3470b\",\"name\":\"Juan Carlos\",\"image\":{\"@type\":\"ImageObject\",\"inLanguage\":\"es\",\"@id\":\"https:\\\/\\\/secure.gravatar.com\\\/avatar\\\/72417771cda6d884945b37d537597265fdf0ef94829dbb66ac97e9776846f5f2?s=96&r=g\",\"url\":\"https:\\\/\\\/secure.gravatar.com\\\/avatar\\\/72417771cda6d884945b37d537597265fdf0ef94829dbb66ac97e9776846f5f2?s=96&r=g\",\"contentUrl\":\"https:\\\/\\\/secure.gravatar.com\\\/avatar\\\/72417771cda6d884945b37d537597265fdf0ef94829dbb66ac97e9776846f5f2?s=96&r=g\",\"caption\":\"Juan Carlos\"},\"sameAs\":[\"http:\\\/\\\/fralla.mx\"]}]}<\/script>\n<!-- \/ Yoast SEO plugin. -->","yoast_head_json":{"title":"Flash Fiscal No 7 - Marzo 2022 - FRALLA","robots":{"index":"index","follow":"follow","max-snippet":"max-snippet:-1","max-image-preview":"max-image-preview:large","max-video-preview":"max-video-preview:-1"},"canonical":"https:\/\/fralla.mx\/insights\/flash-fiscal-no-7-marzo-2022\/","og_locale":"es_ES","og_type":"article","og_title":"Flash Fiscal No 7 - Marzo 2022 - FRALLA","og_description":"Cierre Fiscal 2021 y Temas Importantes 2022","og_url":"https:\/\/fralla.mx\/insights\/flash-fiscal-no-7-marzo-2022\/","og_site_name":"FRALLA","article_published_time":"2022-03-16T01:21:00+00:00","article_modified_time":"2022-03-16T01:48:19+00:00","og_image":[{"width":1200,"height":800,"url":"https:\/\/fralla.mx\/insights\/wp-content\/uploads\/2022\/03\/Flash-07-2022.jpg","type":"image\/jpeg"}],"author":"Juan Carlos","twitter_card":"summary_large_image","twitter_misc":{"Escrito por":"Juan Carlos","Tiempo de lectura":"8 minutos"},"schema":{"@context":"https:\/\/schema.org","@graph":[{"@type":"Article","@id":"https:\/\/fralla.mx\/insights\/flash-fiscal-no-7-marzo-2022\/#article","isPartOf":{"@id":"https:\/\/fralla.mx\/insights\/flash-fiscal-no-7-marzo-2022\/"},"author":{"name":"Juan Carlos","@id":"https:\/\/fralla.mx\/insights\/#\/schema\/person\/5fe295863ccb6383811ed46a67d3470b"},"headline":"Flash Fiscal No 7 &#8211; Marzo 2022","datePublished":"2022-03-16T01:21:00+00:00","dateModified":"2022-03-16T01:48:19+00:00","mainEntityOfPage":{"@id":"https:\/\/fralla.mx\/insights\/flash-fiscal-no-7-marzo-2022\/"},"wordCount":1552,"commentCount":0,"publisher":{"@id":"https:\/\/fralla.mx\/insights\/#organization"},"image":{"@id":"https:\/\/fralla.mx\/insights\/flash-fiscal-no-7-marzo-2022\/#primaryimage"},"thumbnailUrl":"https:\/\/fralla.mx\/insights\/wp-content\/uploads\/2022\/03\/Flash-07-2022.jpg","articleSection":["Noticias Fiscales","Noticias Generales"],"inLanguage":"es","potentialAction":[{"@type":"CommentAction","name":"Comment","target":["https:\/\/fralla.mx\/insights\/flash-fiscal-no-7-marzo-2022\/#respond"]}]},{"@type":"WebPage","@id":"https:\/\/fralla.mx\/insights\/flash-fiscal-no-7-marzo-2022\/","url":"https:\/\/fralla.mx\/insights\/flash-fiscal-no-7-marzo-2022\/","name":"Flash Fiscal No 7 - Marzo 2022 - FRALLA","isPartOf":{"@id":"https:\/\/fralla.mx\/insights\/#website"},"primaryImageOfPage":{"@id":"https:\/\/fralla.mx\/insights\/flash-fiscal-no-7-marzo-2022\/#primaryimage"},"image":{"@id":"https:\/\/fralla.mx\/insights\/flash-fiscal-no-7-marzo-2022\/#primaryimage"},"thumbnailUrl":"https:\/\/fralla.mx\/insights\/wp-content\/uploads\/2022\/03\/Flash-07-2022.jpg","datePublished":"2022-03-16T01:21:00+00:00","dateModified":"2022-03-16T01:48:19+00:00","breadcrumb":{"@id":"https:\/\/fralla.mx\/insights\/flash-fiscal-no-7-marzo-2022\/#breadcrumb"},"inLanguage":"es","potentialAction":[{"@type":"ReadAction","target":["https:\/\/fralla.mx\/insights\/flash-fiscal-no-7-marzo-2022\/"]}]},{"@type":"ImageObject","inLanguage":"es","@id":"https:\/\/fralla.mx\/insights\/flash-fiscal-no-7-marzo-2022\/#primaryimage","url":"https:\/\/fralla.mx\/insights\/wp-content\/uploads\/2022\/03\/Flash-07-2022.jpg","contentUrl":"https:\/\/fralla.mx\/insights\/wp-content\/uploads\/2022\/03\/Flash-07-2022.jpg","width":1200,"height":800},{"@type":"BreadcrumbList","@id":"https:\/\/fralla.mx\/insights\/flash-fiscal-no-7-marzo-2022\/#breadcrumb","itemListElement":[{"@type":"ListItem","position":1,"name":"Portada","item":"https:\/\/fralla.mx\/insights\/"},{"@type":"ListItem","position":2,"name":"Flash Fiscal No 7 &#8211; Marzo 2022"}]},{"@type":"WebSite","@id":"https:\/\/fralla.mx\/insights\/#website","url":"https:\/\/fralla.mx\/insights\/","name":"FRALLA","description":"Servicios de asesor\u00eda y consultor\u00eda fiscal de alto nivel","publisher":{"@id":"https:\/\/fralla.mx\/insights\/#organization"},"potentialAction":[{"@type":"SearchAction","target":{"@type":"EntryPoint","urlTemplate":"https:\/\/fralla.mx\/insights\/?s={search_term_string}"},"query-input":{"@type":"PropertyValueSpecification","valueRequired":true,"valueName":"search_term_string"}}],"inLanguage":"es"},{"@type":"Organization","@id":"https:\/\/fralla.mx\/insights\/#organization","name":"FRALLA - Asesores de Negocios","url":"https:\/\/fralla.mx\/insights\/","logo":{"@type":"ImageObject","inLanguage":"es","@id":"https:\/\/fralla.mx\/insights\/#\/schema\/logo\/image\/","url":"https:\/\/fralla.mx\/wp-content\/uploads\/2020\/10\/fralla_logo-1.png","contentUrl":"https:\/\/fralla.mx\/wp-content\/uploads\/2020\/10\/fralla_logo-1.png","width":180,"height":35,"caption":"FRALLA - Asesores de Negocios"},"image":{"@id":"https:\/\/fralla.mx\/insights\/#\/schema\/logo\/image\/"}},{"@type":"Person","@id":"https:\/\/fralla.mx\/insights\/#\/schema\/person\/5fe295863ccb6383811ed46a67d3470b","name":"Juan Carlos","image":{"@type":"ImageObject","inLanguage":"es","@id":"https:\/\/secure.gravatar.com\/avatar\/72417771cda6d884945b37d537597265fdf0ef94829dbb66ac97e9776846f5f2?s=96&r=g","url":"https:\/\/secure.gravatar.com\/avatar\/72417771cda6d884945b37d537597265fdf0ef94829dbb66ac97e9776846f5f2?s=96&r=g","contentUrl":"https:\/\/secure.gravatar.com\/avatar\/72417771cda6d884945b37d537597265fdf0ef94829dbb66ac97e9776846f5f2?s=96&r=g","caption":"Juan Carlos"},"sameAs":["http:\/\/fralla.mx"]}]}},"_links":{"self":[{"href":"https:\/\/fralla.mx\/insights\/wp-json\/wp\/v2\/posts\/5992","targetHints":{"allow":["GET"]}}],"collection":[{"href":"https:\/\/fralla.mx\/insights\/wp-json\/wp\/v2\/posts"}],"about":[{"href":"https:\/\/fralla.mx\/insights\/wp-json\/wp\/v2\/types\/post"}],"author":[{"embeddable":true,"href":"https:\/\/fralla.mx\/insights\/wp-json\/wp\/v2\/users\/1"}],"replies":[{"embeddable":true,"href":"https:\/\/fralla.mx\/insights\/wp-json\/wp\/v2\/comments?post=5992"}],"version-history":[{"count":4,"href":"https:\/\/fralla.mx\/insights\/wp-json\/wp\/v2\/posts\/5992\/revisions"}],"predecessor-version":[{"id":5998,"href":"https:\/\/fralla.mx\/insights\/wp-json\/wp\/v2\/posts\/5992\/revisions\/5998"}],"wp:featuredmedia":[{"embeddable":true,"href":"https:\/\/fralla.mx\/insights\/wp-json\/wp\/v2\/media\/5993"}],"wp:attachment":[{"href":"https:\/\/fralla.mx\/insights\/wp-json\/wp\/v2\/media?parent=5992"}],"wp:term":[{"taxonomy":"category","embeddable":true,"href":"https:\/\/fralla.mx\/insights\/wp-json\/wp\/v2\/categories?post=5992"},{"taxonomy":"post_tag","embeddable":true,"href":"https:\/\/fralla.mx\/insights\/wp-json\/wp\/v2\/tags?post=5992"}],"curies":[{"name":"wp","href":"https:\/\/api.w.org\/{rel}","templated":true}]}}