{"id":4436,"date":"2021-01-08T04:30:00","date_gmt":"2021-01-08T04:30:00","guid":{"rendered":"http:\/\/fralla.mx\/?p=4436"},"modified":"2021-01-09T20:05:46","modified_gmt":"2021-01-10T02:05:46","slug":"estimulos-fiscales-por-enajenacion-de-combustibles-en-la-frontera-sur","status":"publish","type":"post","link":"https:\/\/fralla.mx\/insights\/estimulos-fiscales-por-enajenacion-de-combustibles-en-la-frontera-sur\/","title":{"rendered":"Flash Fiscal No 40 &#8211; Diciembre 2020"},"content":{"rendered":"\t\t<div data-elementor-type=\"wp-post\" data-elementor-id=\"4436\" class=\"elementor elementor-4436\" data-elementor-post-type=\"post\">\n\t\t\t\t\t\t<section class=\"elementor-section elementor-top-section elementor-element elementor-element-2289decf elementor-section-height-min-height elementor-section-items-top elementor-section-boxed elementor-section-height-default\" data-id=\"2289decf\" data-element_type=\"section\" data-e-type=\"section\" data-settings=\"{&quot;background_background&quot;:&quot;gradient&quot;,&quot;shape_divider_bottom&quot;:&quot;waves&quot;}\">\n\t\t\t\t\t\t\t<div class=\"elementor-background-overlay\"><\/div>\n\t\t\t\t\t\t<div class=\"elementor-shape elementor-shape-bottom\" aria-hidden=\"true\" data-negative=\"false\">\n\t\t\t<svg xmlns=\"http:\/\/www.w3.org\/2000\/svg\" viewBox=\"0 0 1000 100\" preserveAspectRatio=\"none\">\n\t<path class=\"elementor-shape-fill\" d=\"M421.9,6.5c22.6-2.5,51.5,0.4,75.5,5.3c23.6,4.9,70.9,23.5,100.5,35.7c75.8,32.2,133.7,44.5,192.6,49.7\n\tc23.6,2.1,48.7,3.5,103.4-2.5c54.7-6,106.2-25.6,106.2-25.6V0H0v30.3c0,0,72,32.6,158.4,30.5c39.2-0.7,92.8-6.7,134-22.4\n\tc21.2-8.1,52.2-18.2,79.7-24.2C399.3,7.9,411.6,7.5,421.9,6.5z\"\/>\n<\/svg>\t\t<\/div>\n\t\t\t\t\t<div class=\"elementor-container elementor-column-gap-default\">\n\t\t\t\t\t<div class=\"elementor-column elementor-col-100 elementor-top-column elementor-element elementor-element-2c59b197\" data-id=\"2c59b197\" data-element_type=\"column\" data-e-type=\"column\">\n\t\t\t<div class=\"elementor-widget-wrap elementor-element-populated\">\n\t\t\t\t\t\t<div class=\"elementor-element elementor-element-388641ec elementor-widget elementor-widget-theme-post-title elementor-page-title elementor-widget-heading\" data-id=\"388641ec\" data-element_type=\"widget\" data-e-type=\"widget\" data-widget_type=\"theme-post-title.default\">\n\t\t\t\t<div class=\"elementor-widget-container\">\n\t\t\t\t\t<h1 class=\"elementor-heading-title elementor-size-default\">Flash Fiscal No 40 &#8211; Diciembre 2020<\/h1>\t\t\t\t<\/div>\n\t\t\t\t<\/div>\n\t\t\t\t\t<\/div>\n\t\t<\/div>\n\t\t\t\t\t<\/div>\n\t\t<\/section>\n\t\t\t\t<section class=\"elementor-section elementor-top-section elementor-element elementor-element-272f9858 elementor-section-boxed elementor-section-height-default elementor-section-height-default\" data-id=\"272f9858\" data-element_type=\"section\" data-e-type=\"section\">\n\t\t\t\t\t\t<div class=\"elementor-container elementor-column-gap-default\">\n\t\t\t\t\t<div class=\"elementor-column elementor-col-100 elementor-top-column elementor-element elementor-element-5b281afd\" data-id=\"5b281afd\" data-element_type=\"column\" data-e-type=\"column\">\n\t\t\t<div class=\"elementor-widget-wrap elementor-element-populated\">\n\t\t\t\t\t\t<div class=\"elementor-element elementor-element-6f7a9b1d elementor-widget elementor-widget-theme-post-featured-image elementor-widget-image\" data-id=\"6f7a9b1d\" data-element_type=\"widget\" data-e-type=\"widget\" data-widget_type=\"theme-post-featured-image.default\">\n\t\t\t\t<div class=\"elementor-widget-container\">\n\t\t\t\t\t\t\t\t\t\t\t\t\t\t\t<img fetchpriority=\"high\" decoding=\"async\" width=\"768\" height=\"427\" src=\"https:\/\/fralla.mx\/insights\/wp-content\/uploads\/2021\/01\/Flash-Fiscal-40-2020-1.jpg\" class=\"attachment-large size-large wp-image-4437\" alt=\"\" srcset=\"https:\/\/fralla.mx\/insights\/wp-content\/uploads\/2021\/01\/Flash-Fiscal-40-2020-1.jpg 768w, https:\/\/fralla.mx\/insights\/wp-content\/uploads\/2021\/01\/Flash-Fiscal-40-2020-1-300x167.jpg 300w\" sizes=\"(max-width: 768px) 100vw, 768px\" \/>\t\t\t\t\t\t\t\t\t\t\t\t\t\t\t<\/div>\n\t\t\t\t<\/div>\n\t\t\t\t<div class=\"elementor-element elementor-element-4d8e61ef elementor-widget elementor-widget-spacer\" data-id=\"4d8e61ef\" data-element_type=\"widget\" data-e-type=\"widget\" data-widget_type=\"spacer.default\">\n\t\t\t\t<div class=\"elementor-widget-container\">\n\t\t\t\t\t\t\t<div class=\"elementor-spacer\">\n\t\t\t<div class=\"elementor-spacer-inner\"><\/div>\n\t\t<\/div>\n\t\t\t\t\t\t<\/div>\n\t\t\t\t<\/div>\n\t\t\t\t<div class=\"elementor-element elementor-element-2f3299b8 elementor-widget elementor-widget-theme-post-excerpt\" data-id=\"2f3299b8\" data-element_type=\"widget\" data-e-type=\"widget\" data-widget_type=\"theme-post-excerpt.default\">\n\t\t\t\t<div class=\"elementor-widget-container\">\n\t\t\t\t\tEst\u00edmulos Fiscales por Enajenaci\u00f3n de Combustibles en la Frontera Sur\t\t\t\t<\/div>\n\t\t\t\t<\/div>\n\t\t\t\t<div class=\"elementor-element elementor-element-405fb391 elementor-widget elementor-widget-spacer\" data-id=\"405fb391\" data-element_type=\"widget\" data-e-type=\"widget\" data-widget_type=\"spacer.default\">\n\t\t\t\t<div class=\"elementor-widget-container\">\n\t\t\t\t\t\t\t<div class=\"elementor-spacer\">\n\t\t\t<div class=\"elementor-spacer-inner\"><\/div>\n\t\t<\/div>\n\t\t\t\t\t\t<\/div>\n\t\t\t\t<\/div>\n\t\t\t\t<div class=\"elementor-element elementor-element-234a7ab9 elementor-widget elementor-widget-text-editor\" data-id=\"234a7ab9\" data-element_type=\"widget\" data-e-type=\"widget\" data-widget_type=\"text-editor.default\">\n\t\t\t\t<div class=\"elementor-widget-container\">\n\t\t\t\t\t\t\t\t\t<p style=\"text-align: justify;\">En relaci\u00f3n con lo mencionado en la conferencia matutina del Ejecutivo Federal del 27 de noviembre de 2020, particularmente, con la emisi\u00f3n de diversos decretos con est\u00edmulos fiscales para la frontera sur, as\u00ed como la ampliaci\u00f3n de los est\u00edmulos fiscales de la frontera norte, el 28 de diciembre de 2020 fue publicado en el Diario Oficial de la Federaci\u00f3n el \u201cDecreto por el que se establecen est\u00edmulos fiscales a la enajenaci\u00f3n de los combustibles que se mencionan en la frontera sur de los Estados Unidos Mexicanos\u201d.<\/p><p style=\"text-align: justify;\">El citado Decreto establece que se otorga un est\u00edmulo fiscal a las personas que cuenten con permisos expedidos por la Comisi\u00f3n Reguladora de Energ\u00eda para el expendio al p\u00fablico de petrol\u00edferos en estaciones de servicio que est\u00e9n ubicadas en las Zonas Geogr\u00e1ficas se\u00f1aladas en el Decreto que se se\u00f1alan m\u00e1s adelante (las Zonas). El est\u00edmulo en comento consiste en una cantidad por litro de gasolina enajenada y que resulte aplicable a cada una de las Zonas.<\/p><p style=\"text-align: justify;\">El monto del est\u00edmulo fiscal correspondiente a la totalidad de litros de gasolina enajenados en un mes de calendario se podr\u00e1 acreditar:<\/p><p style=\"text-align: justify;\"><!-- [if !supportLists]-->i)\u00a0 \u00a0Contra el impuesto sobre la renta a cargo del contribuyente que deba enterarse en las declaraciones de pagos provisionales correspondientes al mes en que se llev\u00f3 a cabo la enajenaci\u00f3n de gasolinas o en la declaraci\u00f3n del ejercicio, para lo cual se considerar\u00e1 como impuesto efectivamente pagado trat\u00e1ndose del acreditamiento en el pago provisional;<\/p><p style=\"text-align: justify;\"><!-- [if !supportLists]-->ii)\u00a0 \u00a0Si despu\u00e9s de efectuado el acreditamiento anteriormente mencionado, existiera una diferencia o no se hubiera aplicado en los pagos provisionales propios, el contribuyente lo podr\u00e1 acreditar contra el impuesto al valor agregado del mes de que se trate. En tal caso, ya no podr\u00e1 acreditarse en la declaraci\u00f3n del ejercicio del impuesto sobre la renta.<\/p><p style=\"text-align: justify;\">Si despu\u00e9s de aplicar el procedimiento conforme a lo antes mencionado, a\u00fan existiera un excedente de est\u00edmulo acreditable, el contribuyente podr\u00e1 solicitar la devoluci\u00f3n de dicho saldo de conformidad con las disposiciones de car\u00e1cter general que para tal efecto emita el Servicio de Administraci\u00f3n Tributaria. El derecho a\u00a0solicitar en devoluci\u00f3n el referido saldo tendr\u00e1 vigencia de un a\u00f1o, a partir del mes inmediato posterior a aqu\u00e9l en que se obtuvo el saldo excedente, quien no solicite de forma oportuna dicha devoluci\u00f3n perder\u00e1 el derecho de realizarla posteriormente.<\/p><p style=\"text-align: justify;\">Se prev\u00e9 que la Secretar\u00eda de Hacienda y Cr\u00e9dito P\u00fablico de a conocer mediante acuerdo publicado en el Diario Oficial de la Federaci\u00f3n el monto de los est\u00edmulos fiscales por tipo de gasolina en cada una de las Zonas, mismo que tendr\u00e1 la vigencia que se establezca en el acuerdo. La publicaci\u00f3n de los acuerdos se realizar\u00e1 con anticipaci\u00f3n a la entrada en vigor de los est\u00edmulos aplicables, asimismo se continuar\u00e1n aplicando los montos de los est\u00edmulos que hayan sido publicados por \u00faltima vez hasta en tanto se realiza la nueva publicaci\u00f3n.<\/p><p style=\"text-align: justify;\">El referido Decreto prev\u00e9 que los permisionarios podr\u00e1n aplicar el est\u00edmulo siempre que:<\/p><p style=\"text-align: justify;\"><!-- [if !supportLists]-->i)\u00a0 \u00a0 \u00a0 <span lang=\"ES-TRAD\">Realicen<\/span> el suministro de las gasolinas directamente en los tanques de gasolina de los veh\u00edculos para el empleo en su motor;<\/p><p style=\"text-align: justify;\"><!-- [if !supportLists]-->ii)\u00a0 \u00a0 \u00a0Para los efectos del c\u00e1lculo del impuesto sobre la renta, disminuyan del costo de adquisici\u00f3n de las gasolinas por cuya enajenaci\u00f3n se aplica el est\u00edmulo, el monto del est\u00edmulo que les haya sido devuelto o que hayan acreditado conforme a lo anteriormente mencionado; y<\/p><p style=\"text-align: justify;\"><!-- [if !supportLists]-->iii)\u00a0 \u00a0Cumplan con los requisitos y obligaciones que emitan las autoridades fiscales mediante reglas de car\u00e1cter general.<\/p><p style=\"text-align: justify;\">Las Zonas a las cuales les resultar\u00e1 aplicable el est\u00edmulo fiscal establecido en el Decreto son las siguientes:<\/p><p style=\"text-align: justify;\"><strong>Zona I:<\/strong> Municipios de Calakmul y Candelaria del Estado de Campeche.<\/p><p style=\"text-align: justify;\"><strong>Zona II:<\/strong> Municipios de Balanc\u00e1n y Tenosique del Estado de Tabasco.<\/p><p style=\"text-align: justify;\"><strong>Zona III:<\/strong> Municipios de Ocosingo y Palenque del Estado de Chiapas.<\/p><p style=\"text-align: justify;\"><strong>Zona IV:<\/strong> Municipios de Marqu\u00e9s de Comillas y Benem\u00e9rito de las Am\u00e9ricas del Estado de Chiapas.<\/p><p style=\"text-align: justify;\"><strong>Zona V:<\/strong> Municipios de Amatenango de la Frontera, Frontera Comalapa, La Trinitaria, Maravilla Tenejapa y Las Margaritas del Estado de Chiapas.<\/p><p style=\"text-align: justify;\"><strong>Zona VI:<\/strong> Municipios de Suchiate, Frontera Hidalgo, Metapa, Tuxtla Chico, Uni\u00f3n Ju\u00e1rez, Cacahoat\u00e1n, Tapachula, Motozintla y Mazapa de Madero del Estado de Chiapas.<\/p><p style=\"text-align: justify;\">Para determinar el est\u00edmulo fiscal en comento se considerar\u00e1 para cada una de las Zonas, el diferencial de precios observado entre las zonas mencionadas y las que se especifican de Guatemala, a fin de reducir el mismo, conforme a lo siguiente:<\/p><p style=\"text-align: justify;\"><strong>Zona I, II y III:<\/strong> Pet\u00e9n, Guatemala.<\/p><p style=\"text-align: justify;\"><strong>Zona IV:<\/strong> Quich\u00e9, Guatemala.<\/p><p style=\"text-align: justify;\"><strong>Zona V:<\/strong> Huehuetenango, Guatemala.<\/p><p style=\"text-align: justify;\"><strong>Zona VI:<\/strong> San Marcos, Guatemala.<\/p><p style=\"text-align: justify;\">El Decreto establece que los contribuyentes que apliquen dicho est\u00edmulo fiscal estar\u00e1n relevados de la obligaci\u00f3n de presentar el aviso a que se refiere el art\u00edculo 25 del C\u00f3digo Fiscal de la Federaci\u00f3n, adem\u00e1s que el referido est\u00edmulo no se considerar\u00e1 como ingreso acumulable para los efectos del impuesto sobre la renta.<\/p><p style=\"text-align: justify;\">Por \u00faltimo, se se\u00f1ala que la entrada en vigor del Decreto ser\u00e1 el 1 de enero de 2021 y estar\u00e1 vigente hasta el 31 de diciembre de 2024.<\/p><p style=\"text-align: justify;\">A continuaci\u00f3n, ponemos a su disposici\u00f3n el v\u00ednculo en donde se puede consultar m\u00e1s a detalle el Decreto en comento.<\/p><p style=\"text-align: justify;\"><a href=\"https:\/\/www.dof.gob.mx\/nota_detalle.php?codigo=5608907&amp;fecha=28\/12\/2020\">https:\/\/www.dof.gob.mx\/nota_detalle.php?codigo=5608907&amp;fecha=28\/12\/2020<\/a><\/p><p style=\"text-align: justify;\">Quedamos a sus \u00f3rdenes para cualquier aclaraci\u00f3n o comentario que se requiera respecto a esta publicaci\u00f3n.<\/p><p style=\"text-align: justify;\">*\u00a0\u00a0\u00a0\u00a0\u00a0\u00a0\u00a0\u00a0\u00a0\u00a0\u00a0\u00a0\u00a0\u00a0\u00a0\u00a0 *\u00a0\u00a0\u00a0\u00a0\u00a0\u00a0\u00a0\u00a0\u00a0\u00a0\u00a0\u00a0\u00a0\u00a0\u00a0\u00a0 *\u00a0\u00a0\u00a0\u00a0\u00a0\u00a0\u00a0\u00a0\u00a0\u00a0\u00a0\u00a0\u00a0\u00a0\u00a0\u00a0 *<\/p><p style=\"text-align: justify;\">Diciembre 2020<\/p><p style=\"text-align: justify;\">Ciudad de M\u00e9xico, M\u00e9xico<\/p>\t\t\t\t\t\t\t\t<\/div>\n\t\t\t\t<\/div>\n\t\t\t\t<section class=\"elementor-section elementor-inner-section elementor-element elementor-element-7067fbe7 elementor-section-boxed elementor-section-height-default elementor-section-height-default\" data-id=\"7067fbe7\" data-element_type=\"section\" data-e-type=\"section\">\n\t\t\t\t\t\t<div class=\"elementor-container elementor-column-gap-default\">\n\t\t\t\t\t<div class=\"elementor-column elementor-col-50 elementor-inner-column elementor-element elementor-element-4f37421c\" data-id=\"4f37421c\" data-element_type=\"column\" data-e-type=\"column\">\n\t\t\t<div class=\"elementor-widget-wrap elementor-element-populated\">\n\t\t\t\t\t\t<div class=\"elementor-element elementor-element-602b95d4 elementor-widget elementor-widget-heading\" data-id=\"602b95d4\" data-element_type=\"widget\" data-e-type=\"widget\" data-widget_type=\"heading.default\">\n\t\t\t\t<div class=\"elementor-widget-container\">\n\t\t\t\t\t<h5 class=\"elementor-heading-title elementor-size-default\">Comparte esta noticia<\/h5>\t\t\t\t<\/div>\n\t\t\t\t<\/div>\n\t\t\t\t\t<\/div>\n\t\t<\/div>\n\t\t\t\t<div class=\"elementor-column elementor-col-50 elementor-inner-column elementor-element elementor-element-6fd81646\" data-id=\"6fd81646\" data-element_type=\"column\" data-e-type=\"column\">\n\t\t\t<div class=\"elementor-widget-wrap elementor-element-populated\">\n\t\t\t\t\t\t<div class=\"elementor-element elementor-element-5a1444af elementor-share-buttons--view-icon elementor-share-buttons--skin-flat elementor-share-buttons--shape-circle elementor-grid-0 elementor-share-buttons--color-official elementor-widget elementor-widget-share-buttons\" data-id=\"5a1444af\" data-element_type=\"widget\" data-e-type=\"widget\" data-widget_type=\"share-buttons.default\">\n\t\t\t\t<div class=\"elementor-widget-container\">\n\t\t\t\t\t\t\t<div class=\"elementor-grid\" role=\"list\">\n\t\t\t\t\t\t\t\t<div class=\"elementor-grid-item\" role=\"listitem\">\n\t\t\t\t\t\t<div class=\"elementor-share-btn elementor-share-btn_whatsapp\" role=\"button\" tabindex=\"0\" aria-label=\"Compartir en whatsapp\">\n\t\t\t\t\t\t\t\t\t\t\t\t\t\t\t<span class=\"elementor-share-btn__icon\">\n\t\t\t\t\t\t\t\t<i class=\"fab fa-whatsapp\" aria-hidden=\"true\"><\/i>\t\t\t\t\t\t\t<\/span>\n\t\t\t\t\t\t\t\t\t\t\t\t\t\t\t\t\t\t\t\t<\/div>\n\t\t\t\t\t<\/div>\n\t\t\t\t\t\t\t\t\t<div class=\"elementor-grid-item\" role=\"listitem\">\n\t\t\t\t\t\t<div class=\"elementor-share-btn elementor-share-btn_facebook\" role=\"button\" tabindex=\"0\" aria-label=\"Compartir en facebook\">\n\t\t\t\t\t\t\t\t\t\t\t\t\t\t\t<span class=\"elementor-share-btn__icon\">\n\t\t\t\t\t\t\t\t<i class=\"fab fa-facebook\" aria-hidden=\"true\"><\/i>\t\t\t\t\t\t\t<\/span>\n\t\t\t\t\t\t\t\t\t\t\t\t\t\t\t\t\t\t\t\t<\/div>\n\t\t\t\t\t<\/div>\n\t\t\t\t\t\t\t\t\t<div class=\"elementor-grid-item\" role=\"listitem\">\n\t\t\t\t\t\t<div class=\"elementor-share-btn elementor-share-btn_twitter\" role=\"button\" tabindex=\"0\" aria-label=\"Compartir en twitter\">\n\t\t\t\t\t\t\t\t\t\t\t\t\t\t\t<span class=\"elementor-share-btn__icon\">\n\t\t\t\t\t\t\t\t<i class=\"fab fa-twitter\" aria-hidden=\"true\"><\/i>\t\t\t\t\t\t\t<\/span>\n\t\t\t\t\t\t\t\t\t\t\t\t\t\t\t\t\t\t\t\t<\/div>\n\t\t\t\t\t<\/div>\n\t\t\t\t\t\t\t\t\t<div class=\"elementor-grid-item\" role=\"listitem\">\n\t\t\t\t\t\t<div class=\"elementor-share-btn elementor-share-btn_linkedin\" role=\"button\" tabindex=\"0\" aria-label=\"Compartir en linkedin\">\n\t\t\t\t\t\t\t\t\t\t\t\t\t\t\t<span class=\"elementor-share-btn__icon\">\n\t\t\t\t\t\t\t\t<i class=\"fab fa-linkedin\" aria-hidden=\"true\"><\/i>\t\t\t\t\t\t\t<\/span>\n\t\t\t\t\t\t\t\t\t\t\t\t\t\t\t\t\t\t\t\t<\/div>\n\t\t\t\t\t<\/div>\n\t\t\t\t\t\t\t\t\t<div class=\"elementor-grid-item\" role=\"listitem\">\n\t\t\t\t\t\t<div class=\"elementor-share-btn elementor-share-btn_email\" role=\"button\" tabindex=\"0\" aria-label=\"Compartir en email\">\n\t\t\t\t\t\t\t\t\t\t\t\t\t\t\t<span class=\"elementor-share-btn__icon\">\n\t\t\t\t\t\t\t\t<i class=\"fas fa-envelope\" aria-hidden=\"true\"><\/i>\t\t\t\t\t\t\t<\/span>\n\t\t\t\t\t\t\t\t\t\t\t\t\t\t\t\t\t\t\t\t<\/div>\n\t\t\t\t\t<\/div>\n\t\t\t\t\t\t<\/div>\n\t\t\t\t\t\t<\/div>\n\t\t\t\t<\/div>\n\t\t\t\t\t<\/div>\n\t\t<\/div>\n\t\t\t\t\t<\/div>\n\t\t<\/section>\n\t\t\t\t<div class=\"elementor-element elementor-element-40632ddf elementor-widget elementor-widget-spacer\" data-id=\"40632ddf\" data-element_type=\"widget\" data-e-type=\"widget\" data-widget_type=\"spacer.default\">\n\t\t\t\t<div class=\"elementor-widget-container\">\n\t\t\t\t\t\t\t<div class=\"elementor-spacer\">\n\t\t\t<div class=\"elementor-spacer-inner\"><\/div>\n\t\t<\/div>\n\t\t\t\t\t\t<\/div>\n\t\t\t\t<\/div>\n\t\t\t\t<div class=\"elementor-element elementor-element-41170d7c elementor-post-navigation-borders-yes elementor-widget elementor-widget-post-navigation\" data-id=\"41170d7c\" data-element_type=\"widget\" data-e-type=\"widget\" data-widget_type=\"post-navigation.default\">\n\t\t\t\t<div class=\"elementor-widget-container\">\n\t\t\t\t\t\t\t<div class=\"elementor-post-navigation\" role=\"navigation\" aria-label=\"Navegaci\u00f3n de la entrada\">\n\t\t\t<div class=\"elementor-post-navigation__prev elementor-post-navigation__link\">\n\t\t\t\t\t\t\t<\/div>\n\t\t\t\t\t\t\t<div class=\"elementor-post-navigation__separator-wrapper\">\n\t\t\t\t\t<div class=\"elementor-post-navigation__separator\"><\/div>\n\t\t\t\t<\/div>\n\t\t\t\t\t\t<div class=\"elementor-post-navigation__next elementor-post-navigation__link\">\n\t\t\t\t<a href=\"https:\/\/fralla.mx\/insights\/en\/tax-news-no-40-december-2020\/\" rel=\"next\"><span class=\"elementor-post-navigation__link__next\"><span class=\"post-navigation__next--label\">Noticia Siguiente<\/span><\/span><span class=\"post-navigation__arrow-wrapper post-navigation__arrow-next\"><i aria-hidden=\"true\" class=\"fas fa-angle-double-right\"><\/i><span class=\"elementor-screen-only\">Siguiente<\/span><\/span><\/a>\t\t\t<\/div>\n\t\t<\/div>\n\t\t\t\t\t\t<\/div>\n\t\t\t\t<\/div>\n\t\t\t\t\t<\/div>\n\t\t<\/div>\n\t\t\t\t\t<\/div>\n\t\t<\/section>\n\t\t\t\t<\/div>\n\t\t","protected":false},"excerpt":{"rendered":"<p>Est\u00edmulos Fiscales por Enajenaci\u00f3n de Combustibles en la Frontera Sur<\/p>\n","protected":false},"author":1,"featured_media":4437,"comment_status":"open","ping_status":"open","sticky":false,"template":"","format":"image","meta":{"site-sidebar-layout":"default","site-content-layout":"default","ast-site-content-layout":"default","site-content-style":"default","site-sidebar-style":"default","ast-global-header-display":"","ast-banner-title-visibility":"","ast-main-header-display":"","ast-hfb-above-header-display":"","ast-hfb-below-header-display":"","ast-hfb-mobile-header-display":"","site-post-title":"","ast-breadcrumbs-content":"","ast-featured-img":"","footer-sml-layout":"","ast-disable-related-posts":"","theme-transparent-header-meta":"default","adv-header-id-meta":"","stick-header-meta":"","header-above-stick-meta":"","header-main-stick-meta":"","header-below-stick-meta":"","astra-migrate-meta-layouts":"default","ast-page-background-enabled":"default","ast-page-background-meta":{"desktop":{"background-color":"","background-image":"","background-repeat":"repeat","background-position":"center center","background-size":"auto","background-attachment":"scroll","background-type":"","background-media":"","overlay-type":"","overlay-color":"","overlay-opacity":"","overlay-gradient":""},"tablet":{"background-color":"","background-image":"","background-repeat":"repeat","background-position":"center center","background-size":"auto","background-attachment":"scroll","background-type":"","background-media":"","overlay-type":"","overlay-color":"","overlay-opacity":"","overlay-gradient":""},"mobile":{"background-color":"","background-image":"","background-repeat":"repeat","background-position":"center center","background-size":"auto","background-attachment":"scroll","background-type":"","background-media":"","overlay-type":"","overlay-color":"","overlay-opacity":"","overlay-gradient":""}},"ast-content-background-meta":{"desktop":{"background-color":"var(--ast-global-color-5)","background-image":"","background-repeat":"repeat","background-position":"center center","background-size":"auto","background-attachment":"scroll","background-type":"","background-media":"","overlay-type":"","overlay-color":"","overlay-opacity":"","overlay-gradient":""},"tablet":{"background-color":"var(--ast-global-color-5)","background-image":"","background-repeat":"repeat","background-position":"center center","background-size":"auto","background-attachment":"scroll","background-type":"","background-media":"","overlay-type":"","overlay-color":"","overlay-opacity":"","overlay-gradient":""},"mobile":{"background-color":"var(--ast-global-color-5)","background-image":"","background-repeat":"repeat","background-position":"center center","background-size":"auto","background-attachment":"scroll","background-type":"","background-media":"","overlay-type":"","overlay-color":"","overlay-opacity":"","overlay-gradient":""}},"footnotes":"","_members_access_role":[],"_members_access_error":""},"categories":[22],"tags":[],"class_list":["post-4436","post","type-post","status-publish","format-image","has-post-thumbnail","hentry","category-noticias-fiscales","post_format-post-format-image"],"yoast_head":"<!-- This site is optimized with the Yoast SEO plugin v28.4 - https:\/\/yoast.com\/product\/yoast-seo-wordpress\/ -->\n<title>Flash Fiscal No 40 - Diciembre 2020 - FRALLA<\/title>\n<meta name=\"robots\" content=\"index, follow, max-snippet:-1, max-image-preview:large, max-video-preview:-1\" \/>\n<link rel=\"canonical\" href=\"https:\/\/fralla.mx\/insights\/estimulos-fiscales-por-enajenacion-de-combustibles-en-la-frontera-sur\/\" \/>\n<meta property=\"og:locale\" content=\"es_ES\" \/>\n<meta property=\"og:type\" content=\"article\" \/>\n<meta property=\"og:title\" content=\"Flash Fiscal No 40 - Diciembre 2020 - FRALLA\" \/>\n<meta property=\"og:description\" content=\"Est\u00edmulos Fiscales por Enajenaci\u00f3n de Combustibles en la Frontera Sur\" \/>\n<meta property=\"og:url\" content=\"https:\/\/fralla.mx\/insights\/estimulos-fiscales-por-enajenacion-de-combustibles-en-la-frontera-sur\/\" \/>\n<meta property=\"og:site_name\" content=\"FRALLA\" \/>\n<meta property=\"article:published_time\" content=\"2021-01-08T04:30:00+00:00\" \/>\n<meta property=\"article:modified_time\" content=\"2021-01-10T02:05:46+00:00\" \/>\n<meta property=\"og:image\" content=\"https:\/\/fralla.mx\/insights\/wp-content\/uploads\/2021\/01\/Flash-Fiscal-40-2020-1.jpg\" \/>\n\t<meta property=\"og:image:width\" content=\"768\" \/>\n\t<meta property=\"og:image:height\" content=\"427\" \/>\n\t<meta property=\"og:image:type\" content=\"image\/jpeg\" \/>\n<meta name=\"author\" content=\"Juan Carlos\" \/>\n<meta name=\"twitter:card\" content=\"summary_large_image\" \/>\n<meta name=\"twitter:label1\" content=\"Escrito por\" \/>\n\t<meta name=\"twitter:data1\" content=\"Juan Carlos\" \/>\n\t<meta name=\"twitter:label2\" content=\"Tiempo de lectura\" \/>\n\t<meta name=\"twitter:data2\" content=\"5 minutos\" \/>\n<script type=\"application\/ld+json\" class=\"yoast-schema-graph\">{\"@context\":\"https:\\\/\\\/schema.org\",\"@graph\":[{\"@type\":\"Article\",\"@id\":\"https:\\\/\\\/fralla.mx\\\/insights\\\/estimulos-fiscales-por-enajenacion-de-combustibles-en-la-frontera-sur\\\/#article\",\"isPartOf\":{\"@id\":\"https:\\\/\\\/fralla.mx\\\/insights\\\/estimulos-fiscales-por-enajenacion-de-combustibles-en-la-frontera-sur\\\/\"},\"author\":{\"name\":\"Juan Carlos\",\"@id\":\"https:\\\/\\\/fralla.mx\\\/insights\\\/#\\\/schema\\\/person\\\/5fe295863ccb6383811ed46a67d3470b\"},\"headline\":\"Flash Fiscal No 40 &#8211; Diciembre 2020\",\"datePublished\":\"2021-01-08T04:30:00+00:00\",\"dateModified\":\"2021-01-10T02:05:46+00:00\",\"mainEntityOfPage\":{\"@id\":\"https:\\\/\\\/fralla.mx\\\/insights\\\/estimulos-fiscales-por-enajenacion-de-combustibles-en-la-frontera-sur\\\/\"},\"wordCount\":972,\"commentCount\":0,\"publisher\":{\"@id\":\"https:\\\/\\\/fralla.mx\\\/insights\\\/#organization\"},\"image\":{\"@id\":\"https:\\\/\\\/fralla.mx\\\/insights\\\/estimulos-fiscales-por-enajenacion-de-combustibles-en-la-frontera-sur\\\/#primaryimage\"},\"thumbnailUrl\":\"https:\\\/\\\/fralla.mx\\\/insights\\\/wp-content\\\/uploads\\\/2021\\\/01\\\/Flash-Fiscal-40-2020-1.jpg\",\"articleSection\":[\"Noticias Fiscales\"],\"inLanguage\":\"es\",\"potentialAction\":[{\"@type\":\"CommentAction\",\"name\":\"Comment\",\"target\":[\"https:\\\/\\\/fralla.mx\\\/insights\\\/estimulos-fiscales-por-enajenacion-de-combustibles-en-la-frontera-sur\\\/#respond\"]}]},{\"@type\":\"WebPage\",\"@id\":\"https:\\\/\\\/fralla.mx\\\/insights\\\/estimulos-fiscales-por-enajenacion-de-combustibles-en-la-frontera-sur\\\/\",\"url\":\"https:\\\/\\\/fralla.mx\\\/insights\\\/estimulos-fiscales-por-enajenacion-de-combustibles-en-la-frontera-sur\\\/\",\"name\":\"Flash Fiscal No 40 - Diciembre 2020 - FRALLA\",\"isPartOf\":{\"@id\":\"https:\\\/\\\/fralla.mx\\\/insights\\\/#website\"},\"primaryImageOfPage\":{\"@id\":\"https:\\\/\\\/fralla.mx\\\/insights\\\/estimulos-fiscales-por-enajenacion-de-combustibles-en-la-frontera-sur\\\/#primaryimage\"},\"image\":{\"@id\":\"https:\\\/\\\/fralla.mx\\\/insights\\\/estimulos-fiscales-por-enajenacion-de-combustibles-en-la-frontera-sur\\\/#primaryimage\"},\"thumbnailUrl\":\"https:\\\/\\\/fralla.mx\\\/insights\\\/wp-content\\\/uploads\\\/2021\\\/01\\\/Flash-Fiscal-40-2020-1.jpg\",\"datePublished\":\"2021-01-08T04:30:00+00:00\",\"dateModified\":\"2021-01-10T02:05:46+00:00\",\"breadcrumb\":{\"@id\":\"https:\\\/\\\/fralla.mx\\\/insights\\\/estimulos-fiscales-por-enajenacion-de-combustibles-en-la-frontera-sur\\\/#breadcrumb\"},\"inLanguage\":\"es\",\"potentialAction\":[{\"@type\":\"ReadAction\",\"target\":[\"https:\\\/\\\/fralla.mx\\\/insights\\\/estimulos-fiscales-por-enajenacion-de-combustibles-en-la-frontera-sur\\\/\"]}]},{\"@type\":\"ImageObject\",\"inLanguage\":\"es\",\"@id\":\"https:\\\/\\\/fralla.mx\\\/insights\\\/estimulos-fiscales-por-enajenacion-de-combustibles-en-la-frontera-sur\\\/#primaryimage\",\"url\":\"https:\\\/\\\/fralla.mx\\\/insights\\\/wp-content\\\/uploads\\\/2021\\\/01\\\/Flash-Fiscal-40-2020-1.jpg\",\"contentUrl\":\"https:\\\/\\\/fralla.mx\\\/insights\\\/wp-content\\\/uploads\\\/2021\\\/01\\\/Flash-Fiscal-40-2020-1.jpg\",\"width\":768,\"height\":427},{\"@type\":\"BreadcrumbList\",\"@id\":\"https:\\\/\\\/fralla.mx\\\/insights\\\/estimulos-fiscales-por-enajenacion-de-combustibles-en-la-frontera-sur\\\/#breadcrumb\",\"itemListElement\":[{\"@type\":\"ListItem\",\"position\":1,\"name\":\"Portada\",\"item\":\"https:\\\/\\\/fralla.mx\\\/insights\\\/\"},{\"@type\":\"ListItem\",\"position\":2,\"name\":\"Flash Fiscal No 40 &#8211; Diciembre 2020\"}]},{\"@type\":\"WebSite\",\"@id\":\"https:\\\/\\\/fralla.mx\\\/insights\\\/#website\",\"url\":\"https:\\\/\\\/fralla.mx\\\/insights\\\/\",\"name\":\"FRALLA\",\"description\":\"Servicios de asesor\u00eda y consultor\u00eda fiscal de alto nivel\",\"publisher\":{\"@id\":\"https:\\\/\\\/fralla.mx\\\/insights\\\/#organization\"},\"potentialAction\":[{\"@type\":\"SearchAction\",\"target\":{\"@type\":\"EntryPoint\",\"urlTemplate\":\"https:\\\/\\\/fralla.mx\\\/insights\\\/?s={search_term_string}\"},\"query-input\":{\"@type\":\"PropertyValueSpecification\",\"valueRequired\":true,\"valueName\":\"search_term_string\"}}],\"inLanguage\":\"es\"},{\"@type\":\"Organization\",\"@id\":\"https:\\\/\\\/fralla.mx\\\/insights\\\/#organization\",\"name\":\"FRALLA - Asesores de Negocios\",\"url\":\"https:\\\/\\\/fralla.mx\\\/insights\\\/\",\"logo\":{\"@type\":\"ImageObject\",\"inLanguage\":\"es\",\"@id\":\"https:\\\/\\\/fralla.mx\\\/insights\\\/#\\\/schema\\\/logo\\\/image\\\/\",\"url\":\"https:\\\/\\\/fralla.mx\\\/wp-content\\\/uploads\\\/2020\\\/10\\\/fralla_logo-1.png\",\"contentUrl\":\"https:\\\/\\\/fralla.mx\\\/wp-content\\\/uploads\\\/2020\\\/10\\\/fralla_logo-1.png\",\"width\":180,\"height\":35,\"caption\":\"FRALLA - Asesores de Negocios\"},\"image\":{\"@id\":\"https:\\\/\\\/fralla.mx\\\/insights\\\/#\\\/schema\\\/logo\\\/image\\\/\"}},{\"@type\":\"Person\",\"@id\":\"https:\\\/\\\/fralla.mx\\\/insights\\\/#\\\/schema\\\/person\\\/5fe295863ccb6383811ed46a67d3470b\",\"name\":\"Juan Carlos\",\"image\":{\"@type\":\"ImageObject\",\"inLanguage\":\"es\",\"@id\":\"https:\\\/\\\/secure.gravatar.com\\\/avatar\\\/72417771cda6d884945b37d537597265fdf0ef94829dbb66ac97e9776846f5f2?s=96&r=g\",\"url\":\"https:\\\/\\\/secure.gravatar.com\\\/avatar\\\/72417771cda6d884945b37d537597265fdf0ef94829dbb66ac97e9776846f5f2?s=96&r=g\",\"contentUrl\":\"https:\\\/\\\/secure.gravatar.com\\\/avatar\\\/72417771cda6d884945b37d537597265fdf0ef94829dbb66ac97e9776846f5f2?s=96&r=g\",\"caption\":\"Juan Carlos\"},\"sameAs\":[\"http:\\\/\\\/fralla.mx\"]}]}<\/script>\n<!-- \/ Yoast SEO plugin. -->","yoast_head_json":{"title":"Flash Fiscal No 40 - Diciembre 2020 - FRALLA","robots":{"index":"index","follow":"follow","max-snippet":"max-snippet:-1","max-image-preview":"max-image-preview:large","max-video-preview":"max-video-preview:-1"},"canonical":"https:\/\/fralla.mx\/insights\/estimulos-fiscales-por-enajenacion-de-combustibles-en-la-frontera-sur\/","og_locale":"es_ES","og_type":"article","og_title":"Flash Fiscal No 40 - Diciembre 2020 - FRALLA","og_description":"Est\u00edmulos Fiscales por Enajenaci\u00f3n de Combustibles en la Frontera Sur","og_url":"https:\/\/fralla.mx\/insights\/estimulos-fiscales-por-enajenacion-de-combustibles-en-la-frontera-sur\/","og_site_name":"FRALLA","article_published_time":"2021-01-08T04:30:00+00:00","article_modified_time":"2021-01-10T02:05:46+00:00","og_image":[{"width":768,"height":427,"url":"https:\/\/fralla.mx\/insights\/wp-content\/uploads\/2021\/01\/Flash-Fiscal-40-2020-1.jpg","type":"image\/jpeg"}],"author":"Juan Carlos","twitter_card":"summary_large_image","twitter_misc":{"Escrito por":"Juan Carlos","Tiempo de lectura":"5 minutos"},"schema":{"@context":"https:\/\/schema.org","@graph":[{"@type":"Article","@id":"https:\/\/fralla.mx\/insights\/estimulos-fiscales-por-enajenacion-de-combustibles-en-la-frontera-sur\/#article","isPartOf":{"@id":"https:\/\/fralla.mx\/insights\/estimulos-fiscales-por-enajenacion-de-combustibles-en-la-frontera-sur\/"},"author":{"name":"Juan Carlos","@id":"https:\/\/fralla.mx\/insights\/#\/schema\/person\/5fe295863ccb6383811ed46a67d3470b"},"headline":"Flash Fiscal No 40 &#8211; Diciembre 2020","datePublished":"2021-01-08T04:30:00+00:00","dateModified":"2021-01-10T02:05:46+00:00","mainEntityOfPage":{"@id":"https:\/\/fralla.mx\/insights\/estimulos-fiscales-por-enajenacion-de-combustibles-en-la-frontera-sur\/"},"wordCount":972,"commentCount":0,"publisher":{"@id":"https:\/\/fralla.mx\/insights\/#organization"},"image":{"@id":"https:\/\/fralla.mx\/insights\/estimulos-fiscales-por-enajenacion-de-combustibles-en-la-frontera-sur\/#primaryimage"},"thumbnailUrl":"https:\/\/fralla.mx\/insights\/wp-content\/uploads\/2021\/01\/Flash-Fiscal-40-2020-1.jpg","articleSection":["Noticias Fiscales"],"inLanguage":"es","potentialAction":[{"@type":"CommentAction","name":"Comment","target":["https:\/\/fralla.mx\/insights\/estimulos-fiscales-por-enajenacion-de-combustibles-en-la-frontera-sur\/#respond"]}]},{"@type":"WebPage","@id":"https:\/\/fralla.mx\/insights\/estimulos-fiscales-por-enajenacion-de-combustibles-en-la-frontera-sur\/","url":"https:\/\/fralla.mx\/insights\/estimulos-fiscales-por-enajenacion-de-combustibles-en-la-frontera-sur\/","name":"Flash Fiscal No 40 - Diciembre 2020 - FRALLA","isPartOf":{"@id":"https:\/\/fralla.mx\/insights\/#website"},"primaryImageOfPage":{"@id":"https:\/\/fralla.mx\/insights\/estimulos-fiscales-por-enajenacion-de-combustibles-en-la-frontera-sur\/#primaryimage"},"image":{"@id":"https:\/\/fralla.mx\/insights\/estimulos-fiscales-por-enajenacion-de-combustibles-en-la-frontera-sur\/#primaryimage"},"thumbnailUrl":"https:\/\/fralla.mx\/insights\/wp-content\/uploads\/2021\/01\/Flash-Fiscal-40-2020-1.jpg","datePublished":"2021-01-08T04:30:00+00:00","dateModified":"2021-01-10T02:05:46+00:00","breadcrumb":{"@id":"https:\/\/fralla.mx\/insights\/estimulos-fiscales-por-enajenacion-de-combustibles-en-la-frontera-sur\/#breadcrumb"},"inLanguage":"es","potentialAction":[{"@type":"ReadAction","target":["https:\/\/fralla.mx\/insights\/estimulos-fiscales-por-enajenacion-de-combustibles-en-la-frontera-sur\/"]}]},{"@type":"ImageObject","inLanguage":"es","@id":"https:\/\/fralla.mx\/insights\/estimulos-fiscales-por-enajenacion-de-combustibles-en-la-frontera-sur\/#primaryimage","url":"https:\/\/fralla.mx\/insights\/wp-content\/uploads\/2021\/01\/Flash-Fiscal-40-2020-1.jpg","contentUrl":"https:\/\/fralla.mx\/insights\/wp-content\/uploads\/2021\/01\/Flash-Fiscal-40-2020-1.jpg","width":768,"height":427},{"@type":"BreadcrumbList","@id":"https:\/\/fralla.mx\/insights\/estimulos-fiscales-por-enajenacion-de-combustibles-en-la-frontera-sur\/#breadcrumb","itemListElement":[{"@type":"ListItem","position":1,"name":"Portada","item":"https:\/\/fralla.mx\/insights\/"},{"@type":"ListItem","position":2,"name":"Flash Fiscal No 40 &#8211; Diciembre 2020"}]},{"@type":"WebSite","@id":"https:\/\/fralla.mx\/insights\/#website","url":"https:\/\/fralla.mx\/insights\/","name":"FRALLA","description":"Servicios de asesor\u00eda y consultor\u00eda fiscal de alto nivel","publisher":{"@id":"https:\/\/fralla.mx\/insights\/#organization"},"potentialAction":[{"@type":"SearchAction","target":{"@type":"EntryPoint","urlTemplate":"https:\/\/fralla.mx\/insights\/?s={search_term_string}"},"query-input":{"@type":"PropertyValueSpecification","valueRequired":true,"valueName":"search_term_string"}}],"inLanguage":"es"},{"@type":"Organization","@id":"https:\/\/fralla.mx\/insights\/#organization","name":"FRALLA - Asesores de Negocios","url":"https:\/\/fralla.mx\/insights\/","logo":{"@type":"ImageObject","inLanguage":"es","@id":"https:\/\/fralla.mx\/insights\/#\/schema\/logo\/image\/","url":"https:\/\/fralla.mx\/wp-content\/uploads\/2020\/10\/fralla_logo-1.png","contentUrl":"https:\/\/fralla.mx\/wp-content\/uploads\/2020\/10\/fralla_logo-1.png","width":180,"height":35,"caption":"FRALLA - Asesores de Negocios"},"image":{"@id":"https:\/\/fralla.mx\/insights\/#\/schema\/logo\/image\/"}},{"@type":"Person","@id":"https:\/\/fralla.mx\/insights\/#\/schema\/person\/5fe295863ccb6383811ed46a67d3470b","name":"Juan Carlos","image":{"@type":"ImageObject","inLanguage":"es","@id":"https:\/\/secure.gravatar.com\/avatar\/72417771cda6d884945b37d537597265fdf0ef94829dbb66ac97e9776846f5f2?s=96&r=g","url":"https:\/\/secure.gravatar.com\/avatar\/72417771cda6d884945b37d537597265fdf0ef94829dbb66ac97e9776846f5f2?s=96&r=g","contentUrl":"https:\/\/secure.gravatar.com\/avatar\/72417771cda6d884945b37d537597265fdf0ef94829dbb66ac97e9776846f5f2?s=96&r=g","caption":"Juan Carlos"},"sameAs":["http:\/\/fralla.mx"]}]}},"_links":{"self":[{"href":"https:\/\/fralla.mx\/insights\/wp-json\/wp\/v2\/posts\/4436","targetHints":{"allow":["GET"]}}],"collection":[{"href":"https:\/\/fralla.mx\/insights\/wp-json\/wp\/v2\/posts"}],"about":[{"href":"https:\/\/fralla.mx\/insights\/wp-json\/wp\/v2\/types\/post"}],"author":[{"embeddable":true,"href":"https:\/\/fralla.mx\/insights\/wp-json\/wp\/v2\/users\/1"}],"replies":[{"embeddable":true,"href":"https:\/\/fralla.mx\/insights\/wp-json\/wp\/v2\/comments?post=4436"}],"version-history":[{"count":31,"href":"https:\/\/fralla.mx\/insights\/wp-json\/wp\/v2\/posts\/4436\/revisions"}],"predecessor-version":[{"id":4477,"href":"https:\/\/fralla.mx\/insights\/wp-json\/wp\/v2\/posts\/4436\/revisions\/4477"}],"wp:featuredmedia":[{"embeddable":true,"href":"https:\/\/fralla.mx\/insights\/wp-json\/wp\/v2\/media\/4437"}],"wp:attachment":[{"href":"https:\/\/fralla.mx\/insights\/wp-json\/wp\/v2\/media?parent=4436"}],"wp:term":[{"taxonomy":"category","embeddable":true,"href":"https:\/\/fralla.mx\/insights\/wp-json\/wp\/v2\/categories?post=4436"},{"taxonomy":"post_tag","embeddable":true,"href":"https:\/\/fralla.mx\/insights\/wp-json\/wp\/v2\/tags?post=4436"}],"curies":[{"name":"wp","href":"https:\/\/api.w.org\/{rel}","templated":true}]}}